{"id":99,"date":"2021-01-14T10:29:29","date_gmt":"2021-01-14T13:29:29","guid":{"rendered":"http:\/\/www.aricayciencia.cl\/?p=99"},"modified":"2021-02-14T14:30:08","modified_gmt":"2021-02-14T17:30:08","slug":"el-2020-fue-el-tercer-ano-mas-calido-y-dentro-de-los-10-mas-secos-en-chile-desde-que-hay-registro","status":"publish","type":"post","link":"https:\/\/www.aricayciencia.cl\/index.php\/2021\/01\/14\/el-2020-fue-el-tercer-ano-mas-calido-y-dentro-de-los-10-mas-secos-en-chile-desde-que-hay-registro\/","title":{"rendered":"El 2020 fue el tercer a\u00f1o m\u00e1s c\u00e1lido y dentro de los 10 m\u00e1s secos en Chile desde que hay registro"},"content":{"rendered":"<div class=\"pvc_clear\"><\/div><p id=\"pvc_stats_99\" class=\"pvc_stats all  \" data-element-id=\"99\" style=\"\"><i class=\"pvc-stats-icon medium\" aria-hidden=\"true\"><svg aria-hidden=\"true\" focusable=\"false\" data-prefix=\"far\" data-icon=\"chart-bar\" role=\"img\" xmlns=\"http:\/\/www.w3.org\/2000\/svg\" viewBox=\"0 0 512 512\" class=\"svg-inline--fa fa-chart-bar fa-w-16 fa-2x\"><path fill=\"currentColor\" d=\"M396.8 352h22.4c6.4 0 12.8-6.4 12.8-12.8V108.8c0-6.4-6.4-12.8-12.8-12.8h-22.4c-6.4 0-12.8 6.4-12.8 12.8v230.4c0 6.4 6.4 12.8 12.8 12.8zm-192 0h22.4c6.4 0 12.8-6.4 12.8-12.8V140.8c0-6.4-6.4-12.8-12.8-12.8h-22.4c-6.4 0-12.8 6.4-12.8 12.8v198.4c0 6.4 6.4 12.8 12.8 12.8zm96 0h22.4c6.4 0 12.8-6.4 12.8-12.8V204.8c0-6.4-6.4-12.8-12.8-12.8h-22.4c-6.4 0-12.8 6.4-12.8 12.8v134.4c0 6.4 6.4 12.8 12.8 12.8zM496 400H48V80c0-8.84-7.16-16-16-16H16C7.16 64 0 71.16 0 80v336c0 17.67 14.33 32 32 32h464c8.84 0 16-7.16 16-16v-16c0-8.84-7.16-16-16-16zm-387.2-48h22.4c6.4 0 12.8-6.4 12.8-12.8v-70.4c0-6.4-6.4-12.8-12.8-12.8h-22.4c-6.4 0-12.8 6.4-12.8 12.8v70.4c0 6.4 6.4 12.8 12.8 12.8z\" class=\"\"><\/path><\/svg><\/i> <img loading=\"lazy\" decoding=\"async\" width=\"16\" height=\"16\" alt=\"Loading\" src=\"https:\/\/www.aricayciencia.cl\/wp-content\/plugins\/page-views-count\/ajax-loader-2x.gif\" border=0 \/><\/p><div class=\"pvc_clear\"><\/div>\n<p>publicado en Ministerio del Medio Ambiente<\/p>\n\n\n\n<p>El 2020 fue de los a\u00f1os m\u00e1s calurosos y secos en Chile, uno de los efectos del cambio clim\u00e1tico en nuestro pa\u00eds, de acuerdo a un an\u00e1lisis realizado por la Direcci\u00f3n Meteorol\u00f3gica de Chile (DMC) \u2013que depende de la Direcci\u00f3n General de Aeron\u00e1utica Civil- y que fue presentado hoy por la ministra del Medio Ambiente, Carolina Schmidt.<\/p>\n\n\n\n<p>Seg\u00fan el estudio, en 2020 la temperatura media (el promedio entre la m\u00ednima y la m\u00e1xima) en Chile continental alcanz\u00f3 los 13,6 \u00b0C, convirti\u00e9ndose en el tercero m\u00e1s c\u00e1lido desde que existen registros, superando por una d\u00e9cima al 2019. A su vez, la temperatura m\u00e1xima promedio del pa\u00eds lleg\u00f3 a 20,2 \u00b0C, la segunda mayor desde que hay mediciones.<\/p>\n\n\n\n<p>Respecto a las precipitaciones, el 2020 est\u00e1 dentro de los 10 a\u00f1os m\u00e1s secos desde 1981, con un d\u00e9ficit nacional de 12%, siendo las regiones m\u00e1s afectadas desde Coquimbo al Biob\u00edo, donde se supera el 36% de d\u00e9ficit. Con este resultado, se suman 14 a\u00f1os consecutivos secos, agravando las condiciones de sequ\u00eda.<\/p>\n\n\n\n<p>La ministra del Medio Ambiente, Carolina Schmidt, se\u00f1al\u00f3 que \u201cel cambio clim\u00e1tico es una realidad y ya estamos viviendo bajo sus efectos. Las cifras muestran un sostenido aumento de las temperaturas en el pa\u00eds, de hecho, sumamos 10 a\u00f1os consecutivos m\u00e1s c\u00e1lidos que lo normal. Y a su vez las precipitaciones tambi\u00e9n presentan un d\u00e9ficit, llevamos 14 a\u00f1os consecutivos denominados como secos\u201d.<\/p>\n\n\n\n<p>A\u00f1adi\u00f3 que \u201cpor eso es clave trabajar en la adaptaci\u00f3n al cambio clim\u00e1tico y estamos avanzando, por ejemplo, con la creaci\u00f3n de Arclim, una radiograf\u00eda del futuro por comuna que permite adelantarse a los efectos de este fen\u00f3meno. Tambi\u00e9n impulsamos el proyecto de ley marco de cambio clim\u00e1tico que establece la obligaci\u00f3n de generar planes de adaptaci\u00f3n. Asimismo, el plan Paso a Paso, Chile Se Recupera considera que el 30% de la nueva inversi\u00f3n p\u00fablica sea en proyectos sustentables, como es la infraestructura para la adaptaci\u00f3n\u201d.<\/p>\n\n\n\n<p>La meteor\u00f3loga y Jefa de la Oficina de Cambio Clim\u00e1tico de la Direcci\u00f3n Meteorol\u00f3gica de Chile (DMC), Claudia Villarroel, sostuvo que \u201cuna de las variables que presenta los mayores cambios es la temperatura m\u00e1xima donde los riesgos asociados a ellas implican consecuencias directas en la salud humana, incendios forestales, sequ\u00edas, entre otras. Se ha observado que los d\u00edas mayores a 30\u00b0C crece a raz\u00f3n de 7 d\u00edas por d\u00e9cada en la zona central\u201d.<\/p>\n\n\n\n<p>A\u00f1adi\u00f3 que \u201cdurante el a\u00f1o pasado Santiago, Curic\u00f3 y Chill\u00e1n &nbsp;presentaron r\u00e9cord de d\u00edas c\u00e1lidos (sobre 30%), derivando en un incremento en los eventos de las olas de calor, present\u00e1ndose 9 olas de calor y 7 en Chill\u00e1n, siendo r\u00e9cord en 40 a\u00f1os\u00bb.<\/p>\n\n\n\n<p><strong>Proyecciones<\/strong><\/p>\n\n\n\n<p>La titular de Medio Ambiente sostuvo que, producto del cambio clim\u00e1tico, las condiciones de aumento en las temperaturas y disminuci\u00f3n de las precipitaciones se incrementar\u00e1, tal como lo proyecta el Atlas de Riesgo Clim\u00e1tico (Aclim), herramienta elaborada junto al mundo cient\u00edfico que permite conocer el impacto de las nuevas condiciones clim\u00e1ticas para Chile para el per\u00edodo 2035-2065.<\/p>\n\n\n\n<p>\u00abEn Arclim existe informaci\u00f3n que permite proyectar el impacto comunal del cambio clim\u00e1tico, posibilitando trabajar y tomar decisiones con una mirada preventiva, contemplando las mejores medidas de adaptaci\u00f3n y mitigaci\u00f3n al cambio clim\u00e1tico\u00bb, se\u00f1al\u00f3 la ministra Schmidt.<\/p>\n\n\n\n<p>De acuerdo a los datos de Arclim, se proyecta que el 84% de las comunas de Chile enfrentan riesgos altos a ra\u00edz del cambio clim\u00e1tico en diferentes variables. Por ejemplo, todas las comunas del pa\u00eds ver\u00e1n aumentado en alg\u00fan grado el riesgo del impacto de las olas de calor en la salud humana, pero especialmente entre las regiones de Valpara\u00edso y del B\u00edob\u00edo.<\/p>\n","protected":false},"excerpt":{"rendered":"<div class=\"mh-excerpt\"><div class=\"pvc_clear\"><\/div>\n<p id=\"pvc_stats_99\" class=\"pvc_stats all  \" data-element-id=\"99\" style=\"\"><i class=\"pvc-stats-icon medium\" aria-hidden=\"true\"><svg aria-hidden=\"true\" focusable=\"false\" data-prefix=\"far\" data-icon=\"chart-bar\" role=\"img\" xmlns=\"http:\/\/www.w3.org\/2000\/svg\" viewBox=\"0 0 512 512\" class=\"svg-inline--fa fa-chart-bar fa-w-16 fa-2x\"><path fill=\"currentColor\" d=\"M396.8 352h22.4c6.4 0 12.8-6.4 12.8-12.8V108.8c0-6.4-6.4-12.8-12.8-12.8h-22.4c-6.4 0-12.8 6.4-12.8 12.8v230.4c0 6.4 6.4 12.8 12.8 12.8zm-192 0h22.4c6.4 0 12.8-6.4 12.8-12.8V140.8c0-6.4-6.4-12.8-12.8-12.8h-22.4c-6.4 0-12.8 6.4-12.8 12.8v198.4c0 6.4 6.4 12.8 12.8 12.8zm96 0h22.4c6.4 0 12.8-6.4 12.8-12.8V204.8c0-6.4-6.4-12.8-12.8-12.8h-22.4c-6.4 0-12.8 6.4-12.8 12.8v134.4c0 6.4 6.4 12.8 12.8 12.8zM496 400H48V80c0-8.84-7.16-16-16-16H16C7.16 64 0 71.16 0 80v336c0 17.67 14.33 32 32 32h464c8.84 0 16-7.16 16-16v-16c0-8.84-7.16-16-16-16zm-387.2-48h22.4c6.4 0 12.8-6.4 12.8-12.8v-70.4c0-6.4-6.4-12.8-12.8-12.8h-22.4c-6.4 0-12.8 6.4-12.8 12.8v70.4c0 6.4 6.4 12.8 12.8 12.8z\" class=\"\"><\/path><\/svg><\/i> <img loading=\"lazy\" decoding=\"async\" width=\"16\" height=\"16\" alt=\"Loading\" src=\"https:\/\/www.aricayciencia.cl\/wp-content\/plugins\/page-views-count\/ajax-loader-2x.gif\" border=0 \/><\/p>\n<div class=\"pvc_clear\"><\/div>\n<p>publicado en Ministerio del Medio Ambiente El 2020 fue de los a\u00f1os m\u00e1s calurosos y secos en Chile, uno de los efectos del cambio clim\u00e1tico <a class=\"mh-excerpt-more\" href=\"https:\/\/www.aricayciencia.cl\/index.php\/2021\/01\/14\/el-2020-fue-el-tercer-ano-mas-calido-y-dentro-de-los-10-mas-secos-en-chile-desde-que-hay-registro\/\" title=\"El 2020 fue el tercer a\u00f1o m\u00e1s c\u00e1lido y dentro de los 10 m\u00e1s secos en Chile desde que hay registro\">[&#8230;]<\/a><\/p>\n<\/div>","protected":false},"author":1,"featured_media":100,"comment_status":"open","ping_status":"open","sticky":false,"template":"","format":"standard","meta":{"footnotes":""},"categories":[1],"tags":[],"class_list":["post-99","post","type-post","status-publish","format-standard","has-post-thumbnail","hentry","category-sin-categoria"],"_links":{"self":[{"href":"https:\/\/www.aricayciencia.cl\/index.php\/wp-json\/wp\/v2\/posts\/99","targetHints":{"allow":["GET"]}}],"collection":[{"href":"https:\/\/www.aricayciencia.cl\/index.php\/wp-json\/wp\/v2\/posts"}],"about":[{"href":"https:\/\/www.aricayciencia.cl\/index.php\/wp-json\/wp\/v2\/types\/post"}],"author":[{"embeddable":true,"href":"https:\/\/www.aricayciencia.cl\/index.php\/wp-json\/wp\/v2\/users\/1"}],"replies":[{"embeddable":true,"href":"https:\/\/www.aricayciencia.cl\/index.php\/wp-json\/wp\/v2\/comments?post=99"}],"version-history":[{"count":1,"href":"https:\/\/www.aricayciencia.cl\/index.php\/wp-json\/wp\/v2\/posts\/99\/revisions"}],"predecessor-version":[{"id":101,"href":"https:\/\/www.aricayciencia.cl\/index.php\/wp-json\/wp\/v2\/posts\/99\/revisions\/101"}],"wp:featuredmedia":[{"embeddable":true,"href":"https:\/\/www.aricayciencia.cl\/index.php\/wp-json\/wp\/v2\/media\/100"}],"wp:attachment":[{"href":"https:\/\/www.aricayciencia.cl\/index.php\/wp-json\/wp\/v2\/media?parent=99"}],"wp:term":[{"taxonomy":"category","embeddable":true,"href":"https:\/\/www.aricayciencia.cl\/index.php\/wp-json\/wp\/v2\/categories?post=99"},{"taxonomy":"post_tag","embeddable":true,"href":"https:\/\/www.aricayciencia.cl\/index.php\/wp-json\/wp\/v2\/tags?post=99"}],"curies":[{"name":"wp","href":"https:\/\/api.w.org\/{rel}","templated":true}]}}