{"id":717,"date":"2023-12-04T17:38:01","date_gmt":"2023-12-04T20:38:01","guid":{"rendered":"https:\/\/www.aricayciencia.cl\/?p=717"},"modified":"2023-12-11T18:03:57","modified_gmt":"2023-12-11T21:03:57","slug":"dia-del-voluntariado-en-playa-las-machas-un-esfuerzo-conjunto-por-el-medio-ambiente","status":"publish","type":"post","link":"https:\/\/www.aricayciencia.cl\/index.php\/2023\/12\/04\/dia-del-voluntariado-en-playa-las-machas-un-esfuerzo-conjunto-por-el-medio-ambiente\/","title":{"rendered":"D\u00eda del Voluntariado en playa Las Machas: Un esfuerzo conjunto por el Medio Ambiente"},"content":{"rendered":"<div class=\"pvc_clear\"><\/div><p id=\"pvc_stats_717\" class=\"pvc_stats all  \" data-element-id=\"717\" style=\"\"><i class=\"pvc-stats-icon medium\" aria-hidden=\"true\"><svg aria-hidden=\"true\" focusable=\"false\" data-prefix=\"far\" data-icon=\"chart-bar\" role=\"img\" xmlns=\"http:\/\/www.w3.org\/2000\/svg\" viewBox=\"0 0 512 512\" class=\"svg-inline--fa fa-chart-bar fa-w-16 fa-2x\"><path fill=\"currentColor\" d=\"M396.8 352h22.4c6.4 0 12.8-6.4 12.8-12.8V108.8c0-6.4-6.4-12.8-12.8-12.8h-22.4c-6.4 0-12.8 6.4-12.8 12.8v230.4c0 6.4 6.4 12.8 12.8 12.8zm-192 0h22.4c6.4 0 12.8-6.4 12.8-12.8V140.8c0-6.4-6.4-12.8-12.8-12.8h-22.4c-6.4 0-12.8 6.4-12.8 12.8v198.4c0 6.4 6.4 12.8 12.8 12.8zm96 0h22.4c6.4 0 12.8-6.4 12.8-12.8V204.8c0-6.4-6.4-12.8-12.8-12.8h-22.4c-6.4 0-12.8 6.4-12.8 12.8v134.4c0 6.4 6.4 12.8 12.8 12.8zM496 400H48V80c0-8.84-7.16-16-16-16H16C7.16 64 0 71.16 0 80v336c0 17.67 14.33 32 32 32h464c8.84 0 16-7.16 16-16v-16c0-8.84-7.16-16-16-16zm-387.2-48h22.4c6.4 0 12.8-6.4 12.8-12.8v-70.4c0-6.4-6.4-12.8-12.8-12.8h-22.4c-6.4 0-12.8 6.4-12.8 12.8v70.4c0 6.4 6.4 12.8 12.8 12.8z\" class=\"\"><\/path><\/svg><\/i> <img loading=\"lazy\" decoding=\"async\" width=\"16\" height=\"16\" alt=\"Loading\" src=\"https:\/\/www.aricayciencia.cl\/wp-content\/plugins\/page-views-count\/ajax-loader-2x.gif\" border=0 \/><\/p><div class=\"pvc_clear\"><\/div>\n<p>El pasado 2 de diciembre, la playa Las Machas se convirti\u00f3 en el escenario de una significativa celebraci\u00f3n en conmemoraci\u00f3n al D\u00eda del Voluntariado. La iniciativa, liderada por la Gobernaci\u00f3n de Arica y Parinacota bajo la direcci\u00f3n del Gobernador Jorge D\u00edaz, reuni\u00f3 a diversas agrupaciones no gubernamentales con el prop\u00f3sito de llevar a cabo una extensa jornada de limpieza costera.<\/p>\n\n\n\n<p>En este evento de relevancia ambiental, se destac\u00f3 la participaci\u00f3n activa de la prestigiosa ONG Tortugas Marinas Arica (Tortu Arica en adelante). Esta organizaci\u00f3n, reconocida por su compromiso con la preservaci\u00f3n del medio ambiente marino, se distingui\u00f3 por su invaluable contribuci\u00f3n voluntaria. Desde los m\u00e1s peque\u00f1os con un esp\u00edritu incansable por el mar hasta los j\u00f3venes y adultos, los miembros de la ONG participaron con entusiasmo y vigor en la tarea de limpiar la playa.<\/p>\n\n\n\n<div class=\"wp-block-columns are-vertically-aligned-bottom is-layout-flex wp-container-core-columns-is-layout-9d6595d7 wp-block-columns-is-layout-flex\">\n<div class=\"wp-block-column is-vertically-aligned-bottom is-layout-flow wp-block-column-is-layout-flow\" style=\"flex-basis:100%\">\n<div class=\"wp-block-group\"><div class=\"wp-block-group__inner-container is-layout-constrained wp-block-group-is-layout-constrained\">\n<figure class=\"wp-block-image\"><img loading=\"lazy\" decoding=\"async\" width=\"1024\" height=\"576\" src=\"http:\/\/www.aricayciencia.cl\/wp-content\/uploads\/2023\/12\/405427075_3678735272371915_2318327381071871856_n-1024x576.jpg\" alt=\"\" class=\"wp-image-719\" srcset=\"https:\/\/www.aricayciencia.cl\/wp-content\/uploads\/2023\/12\/405427075_3678735272371915_2318327381071871856_n-1024x576.jpg 1024w, https:\/\/www.aricayciencia.cl\/wp-content\/uploads\/2023\/12\/405427075_3678735272371915_2318327381071871856_n-300x169.jpg 300w, https:\/\/www.aricayciencia.cl\/wp-content\/uploads\/2023\/12\/405427075_3678735272371915_2318327381071871856_n-768x432.jpg 768w, https:\/\/www.aricayciencia.cl\/wp-content\/uploads\/2023\/12\/405427075_3678735272371915_2318327381071871856_n-678x381.jpg 678w, https:\/\/www.aricayciencia.cl\/wp-content\/uploads\/2023\/12\/405427075_3678735272371915_2318327381071871856_n.jpg 1440w\" sizes=\"auto, (max-width: 1024px) 100vw, 1024px\" \/><figcaption class=\"wp-element-caption\">Participaci\u00f3n Tortu Arica ONG y Gobernador Jorge Diaz<\/figcaption><\/figure>\n<\/div><\/div>\n<\/div>\n<\/div>\n\n\n\n<p>La jornada no solo fue una muestra de solidaridad y compromiso, sino tambi\u00e9n un recordatorio de la importancia de la colaboraci\u00f3n entre entidades gubernamentales y organizaciones no gubernamentales para abordar los desaf\u00edos medioambientales. La presencia de la Gobernaci\u00f3n y la participaci\u00f3n activa de Tortu Arica resaltan la relevancia de estas iniciativas en la protecci\u00f3n de nuestros recursos naturales y la promoci\u00f3n de una conciencia ambiental en la comunidad.<\/p>\n\n\n\n<p>Este esfuerzo conjunto por la limpieza de Playa Las Machas no solo tuvo un impacto visible en el entorno costero, sino que tambi\u00e9n dej\u00f3 una huella en la conciencia de quienes participaron y presenciaron la actividad. Celebraciones como esta son un recordatorio inspirador de que, a trav\u00e9s del voluntariado y la colaboraci\u00f3n, cada individuo puede contribuir a la preservaci\u00f3n de nuestro preciado entorno marino y costero.<\/p>\n","protected":false},"excerpt":{"rendered":"<div class=\"mh-excerpt\"><div class=\"pvc_clear\"><\/div>\n<p id=\"pvc_stats_717\" class=\"pvc_stats all  \" data-element-id=\"717\" style=\"\"><i class=\"pvc-stats-icon medium\" aria-hidden=\"true\"><svg aria-hidden=\"true\" focusable=\"false\" data-prefix=\"far\" data-icon=\"chart-bar\" role=\"img\" xmlns=\"http:\/\/www.w3.org\/2000\/svg\" viewBox=\"0 0 512 512\" class=\"svg-inline--fa fa-chart-bar fa-w-16 fa-2x\"><path fill=\"currentColor\" d=\"M396.8 352h22.4c6.4 0 12.8-6.4 12.8-12.8V108.8c0-6.4-6.4-12.8-12.8-12.8h-22.4c-6.4 0-12.8 6.4-12.8 12.8v230.4c0 6.4 6.4 12.8 12.8 12.8zm-192 0h22.4c6.4 0 12.8-6.4 12.8-12.8V140.8c0-6.4-6.4-12.8-12.8-12.8h-22.4c-6.4 0-12.8 6.4-12.8 12.8v198.4c0 6.4 6.4 12.8 12.8 12.8zm96 0h22.4c6.4 0 12.8-6.4 12.8-12.8V204.8c0-6.4-6.4-12.8-12.8-12.8h-22.4c-6.4 0-12.8 6.4-12.8 12.8v134.4c0 6.4 6.4 12.8 12.8 12.8zM496 400H48V80c0-8.84-7.16-16-16-16H16C7.16 64 0 71.16 0 80v336c0 17.67 14.33 32 32 32h464c8.84 0 16-7.16 16-16v-16c0-8.84-7.16-16-16-16zm-387.2-48h22.4c6.4 0 12.8-6.4 12.8-12.8v-70.4c0-6.4-6.4-12.8-12.8-12.8h-22.4c-6.4 0-12.8 6.4-12.8 12.8v70.4c0 6.4 6.4 12.8 12.8 12.8z\" class=\"\"><\/path><\/svg><\/i> <img loading=\"lazy\" decoding=\"async\" width=\"16\" height=\"16\" alt=\"Loading\" src=\"https:\/\/www.aricayciencia.cl\/wp-content\/plugins\/page-views-count\/ajax-loader-2x.gif\" border=0 \/><\/p>\n<div class=\"pvc_clear\"><\/div>\n<p>El pasado 2 de diciembre, la playa Las Machas se convirti\u00f3 en el escenario de una significativa celebraci\u00f3n en conmemoraci\u00f3n al D\u00eda del Voluntariado. La <a class=\"mh-excerpt-more\" href=\"https:\/\/www.aricayciencia.cl\/index.php\/2023\/12\/04\/dia-del-voluntariado-en-playa-las-machas-un-esfuerzo-conjunto-por-el-medio-ambiente\/\" title=\"D\u00eda del Voluntariado en playa Las Machas: Un esfuerzo conjunto por el Medio Ambiente\">[&#8230;]<\/a><\/p>\n<\/div>","protected":false},"author":1,"featured_media":718,"comment_status":"open","ping_status":"open","sticky":false,"template":"","format":"standard","meta":{"footnotes":""},"categories":[8,5],"tags":[],"class_list":["post-717","post","type-post","status-publish","format-standard","has-post-thumbnail","hentry","category-actividades","category-naturaleza"],"_links":{"self":[{"href":"https:\/\/www.aricayciencia.cl\/index.php\/wp-json\/wp\/v2\/posts\/717","targetHints":{"allow":["GET"]}}],"collection":[{"href":"https:\/\/www.aricayciencia.cl\/index.php\/wp-json\/wp\/v2\/posts"}],"about":[{"href":"https:\/\/www.aricayciencia.cl\/index.php\/wp-json\/wp\/v2\/types\/post"}],"author":[{"embeddable":true,"href":"https:\/\/www.aricayciencia.cl\/index.php\/wp-json\/wp\/v2\/users\/1"}],"replies":[{"embeddable":true,"href":"https:\/\/www.aricayciencia.cl\/index.php\/wp-json\/wp\/v2\/comments?post=717"}],"version-history":[{"count":2,"href":"https:\/\/www.aricayciencia.cl\/index.php\/wp-json\/wp\/v2\/posts\/717\/revisions"}],"predecessor-version":[{"id":724,"href":"https:\/\/www.aricayciencia.cl\/index.php\/wp-json\/wp\/v2\/posts\/717\/revisions\/724"}],"wp:featuredmedia":[{"embeddable":true,"href":"https:\/\/www.aricayciencia.cl\/index.php\/wp-json\/wp\/v2\/media\/718"}],"wp:attachment":[{"href":"https:\/\/www.aricayciencia.cl\/index.php\/wp-json\/wp\/v2\/media?parent=717"}],"wp:term":[{"taxonomy":"category","embeddable":true,"href":"https:\/\/www.aricayciencia.cl\/index.php\/wp-json\/wp\/v2\/categories?post=717"},{"taxonomy":"post_tag","embeddable":true,"href":"https:\/\/www.aricayciencia.cl\/index.php\/wp-json\/wp\/v2\/tags?post=717"}],"curies":[{"name":"wp","href":"https:\/\/api.w.org\/{rel}","templated":true}]}}