{"id":1503,"date":"2026-09-03T10:02:56","date_gmt":"2026-09-03T13:02:56","guid":{"rendered":"https:\/\/www.aricayciencia.cl\/?p=1503"},"modified":"2026-09-03T10:02:57","modified_gmt":"2026-09-03T13:02:57","slug":"obra-tinkucuna-encontremonos-en-america-celebra","status":"publish","type":"post","link":"https:\/\/www.aricayciencia.cl\/index.php\/2026\/09\/03\/obra-tinkucuna-encontremonos-en-america-celebra\/","title":{"rendered":"Obra \u201cTinkucuna. Encontr\u00e9monos en Am\u00e9rica\u201d celebra"},"content":{"rendered":"<div class=\"pvc_clear\"><\/div><p id=\"pvc_stats_1503\" class=\"pvc_stats all  \" data-element-id=\"1503\" style=\"\"><i class=\"pvc-stats-icon medium\" aria-hidden=\"true\"><svg aria-hidden=\"true\" focusable=\"false\" data-prefix=\"far\" data-icon=\"chart-bar\" role=\"img\" xmlns=\"http:\/\/www.w3.org\/2000\/svg\" viewBox=\"0 0 512 512\" class=\"svg-inline--fa fa-chart-bar fa-w-16 fa-2x\"><path fill=\"currentColor\" d=\"M396.8 352h22.4c6.4 0 12.8-6.4 12.8-12.8V108.8c0-6.4-6.4-12.8-12.8-12.8h-22.4c-6.4 0-12.8 6.4-12.8 12.8v230.4c0 6.4 6.4 12.8 12.8 12.8zm-192 0h22.4c6.4 0 12.8-6.4 12.8-12.8V140.8c0-6.4-6.4-12.8-12.8-12.8h-22.4c-6.4 0-12.8 6.4-12.8 12.8v198.4c0 6.4 6.4 12.8 12.8 12.8zm96 0h22.4c6.4 0 12.8-6.4 12.8-12.8V204.8c0-6.4-6.4-12.8-12.8-12.8h-22.4c-6.4 0-12.8 6.4-12.8 12.8v134.4c0 6.4 6.4 12.8 12.8 12.8zM496 400H48V80c0-8.84-7.16-16-16-16H16C7.16 64 0 71.16 0 80v336c0 17.67 14.33 32 32 32h464c8.84 0 16-7.16 16-16v-16c0-8.84-7.16-16-16-16zm-387.2-48h22.4c6.4 0 12.8-6.4 12.8-12.8v-70.4c0-6.4-6.4-12.8-12.8-12.8h-22.4c-6.4 0-12.8 6.4-12.8 12.8v70.4c0 6.4 6.4 12.8 12.8 12.8z\" class=\"\"><\/path><\/svg><\/i> <img loading=\"lazy\" decoding=\"async\" width=\"16\" height=\"16\" alt=\"Loading\" src=\"https:\/\/www.aricayciencia.cl\/wp-content\/plugins\/page-views-count\/ajax-loader-2x.gif\" border=0 \/><\/p><div class=\"pvc_clear\"><\/div>\n<p class=\"wp-block-paragraph\">*Por Claudia Parra Aravena<\/p>\n\n\n\n<p class=\"wp-block-paragraph\">10 a\u00f1os de lo andino contempor\u00e1neoConversatorio, muestra audiovisual y presentaci\u00f3n de la obra ser\u00e1n parte de estos d\u00edas para la Compa\u00f1\u00eda Jallalla<\/p>\n\n\n\n<p class=\"wp-block-paragraph\">En el marco del D\u00eda Internacional de la Mujer Ind\u00edgena la Compa\u00f1\u00eda Jallalla se hace presente con la pertinencia cultural de su directora, Vannesa Lissette Gonz\u00e1lez, mujer aymara, core\u00f3grafa, Licenciada en danza de la Universidad de Humanismo<br>Cristiano y creadora de la obra de danza \u201cTinkucuna. Encontr\u00e9monos en Am\u00e9rica\u201d. Evidenciando el rescate de las danzas andinas, que se complementa con t\u00e9cnicas modernas para contar una historia. <\/p>\n\n\n\n<figure class=\"wp-block-gallery has-nested-images columns-default is-cropped wp-block-gallery-1 is-layout-flex wp-block-gallery-is-layout-flex\">\n<figure class=\"wp-block-image size-large\"><img loading=\"lazy\" decoding=\"async\" width=\"1024\" height=\"682\" data-id=\"1506\" src=\"https:\/\/www.aricayciencia.cl\/wp-content\/uploads\/2026\/09\/CIA-JALLALLA-8-4-2026-2-1024x682.jpeg\" alt=\"\" class=\"wp-image-1506\" srcset=\"https:\/\/www.aricayciencia.cl\/wp-content\/uploads\/2026\/09\/CIA-JALLALLA-8-4-2026-2-1024x682.jpeg 1024w, https:\/\/www.aricayciencia.cl\/wp-content\/uploads\/2026\/09\/CIA-JALLALLA-8-4-2026-2-300x200.jpeg 300w, https:\/\/www.aricayciencia.cl\/wp-content\/uploads\/2026\/09\/CIA-JALLALLA-8-4-2026-2-768x512.jpeg 768w, https:\/\/www.aricayciencia.cl\/wp-content\/uploads\/2026\/09\/CIA-JALLALLA-8-4-2026-2.jpeg 1280w\" sizes=\"auto, (max-width: 1024px) 100vw, 1024px\" \/><\/figure>\n\n\n\n<figure class=\"wp-block-image size-large\"><img loading=\"lazy\" decoding=\"async\" width=\"1024\" height=\"576\" data-id=\"1505\" src=\"https:\/\/www.aricayciencia.cl\/wp-content\/uploads\/2026\/09\/Invitacion-5-de-septiembre-1024x576.jpeg\" alt=\"\" class=\"wp-image-1505\" srcset=\"https:\/\/www.aricayciencia.cl\/wp-content\/uploads\/2026\/09\/Invitacion-5-de-septiembre-1024x576.jpeg 1024w, https:\/\/www.aricayciencia.cl\/wp-content\/uploads\/2026\/09\/Invitacion-5-de-septiembre-300x169.jpeg 300w, https:\/\/www.aricayciencia.cl\/wp-content\/uploads\/2026\/09\/Invitacion-5-de-septiembre-768x432.jpeg 768w, https:\/\/www.aricayciencia.cl\/wp-content\/uploads\/2026\/09\/Invitacion-5-de-septiembre-678x381.jpeg 678w, https:\/\/www.aricayciencia.cl\/wp-content\/uploads\/2026\/09\/Invitacion-5-de-septiembre.jpeg 1280w\" sizes=\"auto, (max-width: 1024px) 100vw, 1024px\" \/><\/figure>\n<\/figure>\n\n\n\n<p class=\"wp-block-paragraph\">Con 10 a\u00f1os de vida la obra ha tra\u00eddo muchas reflexiones, y es por eso que el jueves 3 de septiembre, al mediod\u00eda se llevar\u00e1 a cabo el conversatorio: \u201cTinkucuna. Encontr\u00e9monos en Am\u00e9rica: 10 a\u00f1os de la investigaci\u00f3n de lo andino contempor\u00e1neo\u201d, donde se establecer\u00e1n conclusiones de esta d\u00e9cada de creaci\u00f3n y remontaje, desde una perspectiva de composici\u00f3n coreogr\u00e1fica con<br>pertinencia ind\u00edgena, que irrumpe en las artes esc\u00e9nicas y a\u00f1ade nuevos elementos y relatos que van conformando la historia de los pueblos.<br><\/p>\n\n\n\n<p class=\"wp-block-paragraph\">El lugar ser\u00e1 en el Mercado Central de Arica, ubicado en Avda. San Marcos #341, donde se estar\u00e1 desarrollando durante 3 d\u00edas la Feria Thaki Warminaka 2026: \u201cUn espacio de encuentro para reconocer, valorar y mantener viva la memoria y sabidur\u00eda de las mujeres ind\u00edgenas\u201d, organizado por la Coordinadora de mujeres de pueblos originarios Arica y Parinacota.<\/p>\n\n\n\n<p class=\"wp-block-paragraph\">Luego, el d\u00eda s\u00e1bado 5 de septiembre a las 19:00 horas, el Teatro Municipal vuelve a recibir la obra \u201cTinkucuna. Encontr\u00e9monos en Am\u00e9rica\u201d, celebrando 10 a\u00f1os del trabajo andino contempor\u00e1neo y basada en un estudio territorial y personal de Vanessa, donde se plasma c\u00f3mo los cuerpos andinos y del altiplano bajan a Arica, en el marco de procesos sociales del pueblo aymara entre los a\u00f1os 1960 y 1990. \u201cLo que nos remueve dentro de la historia de Tinkucuna es hablar sobre lo  imprescindible que es conectarnos con la tierra y observar nuestro ciclo como seres humanos, que dialogamos con nuestra Pachamama\u201d, cuenta su directora. Esta funci\u00f3n es parte del \u201cSubsidio a la difusi\u00f3n y fomento de las culturas ind\u00edgenas, 2026\u201d, del Fondo de Cultura y Educaci\u00f3n de la Corporaci\u00f3n Nacional de Desarrollo Ind\u00edgena, CONADI, fortaleciendo la presencia de las mujeres ind\u00edgenas y las<br>expresiones art\u00edsticas regionales de Arica y Parinacota.<\/p>\n\n\n\n<p class=\"wp-block-paragraph\">La compa\u00f1\u00eda Jallalla la conforman: Macarena Luna Henry, Andrea Escobar Durana. Carry Castro Miranda, Luis Chac\u00f3n Castro, Sebasti\u00e1n P\u00e9rez Huerta en la danza; David Cordova Pati\u00f1o en la iluminaci\u00f3n: Claudia Parra Aravena, periodista y Vanessa Lissette Gonz\u00e1lez en la direcci\u00f3n, quienes esperan que se acerquen las ni\u00f1eces y juventudes a ser parte de estos 45 minutos de reflexi\u00f3n y debate sobre la identidad, el territorio y la sustentabilidad del discurso sobre el cuidado de la tierra.<br><\/p>\n\n\n\n<p class=\"wp-block-paragraph\">Varios eventos se dar\u00e1n alrededor del 5 de septiembre alrededor del mundo y la regi\u00f3n de Arica y Parinacota no se aleja de eso. El d\u00eda internacional de la mujer ind\u00edgena se instaura en 1983, en el Segundo Encuentro de Organizaciones y Movimientos Ind\u00edgenas de Am\u00e9rica en Tiahuanacu, Bolivia, en homenaje a Bartolina Sisa, mujer aymara y lideresa que luch\u00f3 contra la opresi\u00f3n colonial en el siglo XVIII. Esta fecha es \u201cun llamado a visibilizar el rol fundamental que juegan las mujeres ind\u00edgenas en la importante tarea de mantener y defender la identidad de sus pueblos, reafirmando su derecho para que sus voces, diversas y muestra de la<br>riqueza cultural que representan, se escuchen de manera fuerte y clara en todos los lugares en los que habitan, en el hogar y la familia, as\u00ed como en el espacio pol\u00edtico, social, econ\u00f3mico y cultural\u201d. (ONU Mujeres)<br><\/p>\n\n\n\n<p class=\"wp-block-paragraph\">Las actividades han sido planificadas junto a CONADI, Oficina de Desarrollo Ind\u00edgena de la Municipalidad de Arica, Fundaci\u00f3n Altiplano, Deraizarte y Complejo Deportivo Integral.<\/p>\n\n\n\n<p class=\"wp-block-paragraph\"><\/p>\n","protected":false},"excerpt":{"rendered":"<div class=\"mh-excerpt\"><div class=\"pvc_clear\"><\/div>\n<p id=\"pvc_stats_1503\" class=\"pvc_stats all  \" data-element-id=\"1503\" style=\"\"><i class=\"pvc-stats-icon medium\" aria-hidden=\"true\"><svg aria-hidden=\"true\" focusable=\"false\" data-prefix=\"far\" data-icon=\"chart-bar\" role=\"img\" xmlns=\"http:\/\/www.w3.org\/2000\/svg\" viewBox=\"0 0 512 512\" class=\"svg-inline--fa fa-chart-bar fa-w-16 fa-2x\"><path fill=\"currentColor\" d=\"M396.8 352h22.4c6.4 0 12.8-6.4 12.8-12.8V108.8c0-6.4-6.4-12.8-12.8-12.8h-22.4c-6.4 0-12.8 6.4-12.8 12.8v230.4c0 6.4 6.4 12.8 12.8 12.8zm-192 0h22.4c6.4 0 12.8-6.4 12.8-12.8V140.8c0-6.4-6.4-12.8-12.8-12.8h-22.4c-6.4 0-12.8 6.4-12.8 12.8v198.4c0 6.4 6.4 12.8 12.8 12.8zm96 0h22.4c6.4 0 12.8-6.4 12.8-12.8V204.8c0-6.4-6.4-12.8-12.8-12.8h-22.4c-6.4 0-12.8 6.4-12.8 12.8v134.4c0 6.4 6.4 12.8 12.8 12.8zM496 400H48V80c0-8.84-7.16-16-16-16H16C7.16 64 0 71.16 0 80v336c0 17.67 14.33 32 32 32h464c8.84 0 16-7.16 16-16v-16c0-8.84-7.16-16-16-16zm-387.2-48h22.4c6.4 0 12.8-6.4 12.8-12.8v-70.4c0-6.4-6.4-12.8-12.8-12.8h-22.4c-6.4 0-12.8 6.4-12.8 12.8v70.4c0 6.4 6.4 12.8 12.8 12.8z\" class=\"\"><\/path><\/svg><\/i> <img loading=\"lazy\" decoding=\"async\" width=\"16\" height=\"16\" alt=\"Loading\" src=\"https:\/\/www.aricayciencia.cl\/wp-content\/plugins\/page-views-count\/ajax-loader-2x.gif\" border=0 \/><\/p>\n<div class=\"pvc_clear\"><\/div>\n<p>*Por Claudia Parra Aravena 10 a\u00f1os de lo andino contempor\u00e1neoConversatorio, muestra audiovisual y presentaci\u00f3n de la obra ser\u00e1n parte de estos d\u00edas para la Compa\u00f1\u00eda <a class=\"mh-excerpt-more\" href=\"https:\/\/www.aricayciencia.cl\/index.php\/2026\/09\/03\/obra-tinkucuna-encontremonos-en-america-celebra\/\" title=\"Obra \u201cTinkucuna. Encontr\u00e9monos en Am\u00e9rica\u201d celebra\">[&#8230;]<\/a><\/p>\n<\/div>","protected":false},"author":1,"featured_media":1504,"comment_status":"open","ping_status":"open","sticky":false,"template":"","format":"standard","meta":{"footnotes":""},"categories":[8,7],"tags":[],"class_list":["post-1503","post","type-post","status-publish","format-standard","has-post-thumbnail","hentry","category-actividades","category-salud"],"_links":{"self":[{"href":"https:\/\/www.aricayciencia.cl\/index.php\/wp-json\/wp\/v2\/posts\/1503","targetHints":{"allow":["GET"]}}],"collection":[{"href":"https:\/\/www.aricayciencia.cl\/index.php\/wp-json\/wp\/v2\/posts"}],"about":[{"href":"https:\/\/www.aricayciencia.cl\/index.php\/wp-json\/wp\/v2\/types\/post"}],"author":[{"embeddable":true,"href":"https:\/\/www.aricayciencia.cl\/index.php\/wp-json\/wp\/v2\/users\/1"}],"replies":[{"embeddable":true,"href":"https:\/\/www.aricayciencia.cl\/index.php\/wp-json\/wp\/v2\/comments?post=1503"}],"version-history":[{"count":1,"href":"https:\/\/www.aricayciencia.cl\/index.php\/wp-json\/wp\/v2\/posts\/1503\/revisions"}],"predecessor-version":[{"id":1507,"href":"https:\/\/www.aricayciencia.cl\/index.php\/wp-json\/wp\/v2\/posts\/1503\/revisions\/1507"}],"wp:featuredmedia":[{"embeddable":true,"href":"https:\/\/www.aricayciencia.cl\/index.php\/wp-json\/wp\/v2\/media\/1504"}],"wp:attachment":[{"href":"https:\/\/www.aricayciencia.cl\/index.php\/wp-json\/wp\/v2\/media?parent=1503"}],"wp:term":[{"taxonomy":"category","embeddable":true,"href":"https:\/\/www.aricayciencia.cl\/index.php\/wp-json\/wp\/v2\/categories?post=1503"},{"taxonomy":"post_tag","embeddable":true,"href":"https:\/\/www.aricayciencia.cl\/index.php\/wp-json\/wp\/v2\/tags?post=1503"}],"curies":[{"name":"wp","href":"https:\/\/api.w.org\/{rel}","templated":true}]}}