{"id":131,"date":"2021-03-10T16:00:05","date_gmt":"2021-03-10T19:00:05","guid":{"rendered":"https:\/\/www.aricayciencia.cl\/?p=131"},"modified":"2022-03-24T13:33:09","modified_gmt":"2022-03-24T16:33:09","slug":"131","status":"publish","type":"post","link":"https:\/\/www.aricayciencia.cl\/index.php\/2021\/03\/10\/131\/","title":{"rendered":"Conoce los centros de vacunaci\u00f3n para dializados y trasplantados de organos solidos"},"content":{"rendered":"<div class=\"pvc_clear\"><\/div><p id=\"pvc_stats_131\" class=\"pvc_stats all  \" data-element-id=\"131\" style=\"\"><i class=\"pvc-stats-icon medium\" aria-hidden=\"true\"><svg aria-hidden=\"true\" focusable=\"false\" data-prefix=\"far\" data-icon=\"chart-bar\" role=\"img\" xmlns=\"http:\/\/www.w3.org\/2000\/svg\" viewBox=\"0 0 512 512\" class=\"svg-inline--fa fa-chart-bar fa-w-16 fa-2x\"><path fill=\"currentColor\" d=\"M396.8 352h22.4c6.4 0 12.8-6.4 12.8-12.8V108.8c0-6.4-6.4-12.8-12.8-12.8h-22.4c-6.4 0-12.8 6.4-12.8 12.8v230.4c0 6.4 6.4 12.8 12.8 12.8zm-192 0h22.4c6.4 0 12.8-6.4 12.8-12.8V140.8c0-6.4-6.4-12.8-12.8-12.8h-22.4c-6.4 0-12.8 6.4-12.8 12.8v198.4c0 6.4 6.4 12.8 12.8 12.8zm96 0h22.4c6.4 0 12.8-6.4 12.8-12.8V204.8c0-6.4-6.4-12.8-12.8-12.8h-22.4c-6.4 0-12.8 6.4-12.8 12.8v134.4c0 6.4 6.4 12.8 12.8 12.8zM496 400H48V80c0-8.84-7.16-16-16-16H16C7.16 64 0 71.16 0 80v336c0 17.67 14.33 32 32 32h464c8.84 0 16-7.16 16-16v-16c0-8.84-7.16-16-16-16zm-387.2-48h22.4c6.4 0 12.8-6.4 12.8-12.8v-70.4c0-6.4-6.4-12.8-12.8-12.8h-22.4c-6.4 0-12.8 6.4-12.8 12.8v70.4c0 6.4 6.4 12.8 12.8 12.8z\" class=\"\"><\/path><\/svg><\/i> <img loading=\"lazy\" decoding=\"async\" width=\"16\" height=\"16\" alt=\"Loading\" src=\"https:\/\/www.aricayciencia.cl\/wp-content\/plugins\/page-views-count\/ajax-loader-2x.gif\" border=0 \/><\/p><div class=\"pvc_clear\"><\/div>\n<figure class=\"wp-block-image\"><img decoding=\"async\" src=\"https:\/\/www.minsal.cl\/wp-content\/uploads\/2021\/02\/banner-centros-vacunacion-pfizer_660x350-660x350.png\" alt=\"\"\/><\/figure>\n\n\n\n<h3 class=\"wp-block-heading\">Revisa cu\u00e1les son los centros de vacunaci\u00f3n Pfizer-BioNTech de tu regi\u00f3n<\/h3>\n\n\n\n<p>10 de Marzo 2021<\/p>\n\n\n\n<p> La subsecretaria de Salud P\u00fablica, Paula Daza, inform\u00f3 la incorporaci\u00f3n de las personas dializadas mayores de 16 a\u00f1os, con trasplante de \u00f3rganos s\u00f3lidos mayores de 16 a\u00f1os, pacientes con c\u00e1ncer en tratamiento (radioterapia, quimioterapia y terapia hormonal) mayores de 16 a\u00f1os y pacientes con enfermedades autoinmunes en tratamiento (terapias biol\u00f3gicas y peque\u00f1as mol\u00e9culas) mayores de 16 a\u00f1os al calendario de vacunaci\u00f3n a partir de la semana del 1 de marzo.<\/p>\n\n\n\n<p>Podr\u00e1n ser vacunados, dentro de los grupos objetivos antes mencionados, personas desde los 16 a\u00f1os.<\/p>\n\n\n\n<p><strong>*Importante se\u00f1alar que en el rango de edad de 16 a 18 a\u00f1os corresponde la inoculaci\u00f3n con dosis de Pfizer-BioNtech que fue aprobada por ISP para mayores de 16 a\u00f1os en nuestro pa\u00eds.<\/strong><\/p>\n\n\n\n<p>Revisa el detalle a nivel regional de los centros de vacunaci\u00f3n disponibles para estos grupos:<\/p>\n\n\n\n<figure class=\"wp-block-table is-style-stripes\"><table class=\"has-fixed-layout\"><tbody><tr><td>Regi\u00f3n<\/td><td>Detalle del punto de vacunaci\u00f3n<\/td><td><\/td><td><\/td><\/tr><tr><th><\/th><td><\/td><td><\/td><\/tr><tr><th><\/th><td>ARICA Y PARINACOTA<\/td><td>Gimnasio Epicentro 1, Pablo Picasso #2150<\/td><td><\/td><td><\/td><\/tr><tr><th><\/th><td>Casona Mall Plaza Arica, Diego Portales 640<\/td><td><\/td><td><\/td><\/tr><tr><th><\/th><td>Hospital PAME 1, 18 de sept #1000<br>18 de septiembre #1000<\/td><td><\/td><td><\/td><\/tr><tr><th><\/th><td>Hospital PAME 2,18 de sept #1000<\/td><td><\/td><td><\/td><\/tr><tr><th><\/th><td>Clinica San Jose, Juan Noe<\/td><td><\/td><td><\/td><\/tr><tr><th><\/th><td>Mutual de Seguridad, Av Argentina<\/td><td><\/td><td><\/td><\/tr><tr><th><\/th><td>TARAPACA<\/td><td>IQUIQUE: Estadio tierra de campeones<\/td><td><\/td><td><\/td><\/tr><tr><th><\/th><td>ALTO HOSPICIO: Colegio Domingo Sabio (urbano)<\/td><td><\/td><td><\/td><\/tr><tr><th><\/th><td>ALTO HOSPICIO: Consultorio urbano Dr. Reyno (PICA, HUARA Y POZO ALMONTE)<\/td><td><\/td><td><\/td><\/tr><tr><th><\/th><td>ANTOFAGASTA<\/td><td>ANTOFAGASTA: Liceo Industrial: Av Rendic s\/n<\/td><td><\/td><td><\/td><\/tr><tr><th><\/th><td>ANTOFAGASTA:Hospital de Campa\u00f1a (polideportivo) Bandera 7891<\/td><td><\/td><td><\/td><\/tr><tr><th><\/th><td>CALAMA: Hospital del Cobre: Av Chorrillos 689<\/td><td><\/td><td><\/td><\/tr><tr><th><\/th><td>CALAMA: Anexo HCC: Pasaje Monse\u00f1or Juan Bautista 1631<\/td><td><\/td><td><\/td><\/tr><tr><th><\/th><td>ATACAMA<\/td><td>CALDERA: Gimnasio Francisco Bustos<\/td><td><\/td><td><\/td><\/tr><tr><th><\/th><td>CALDERA: CESFAM Rosario Corvalan<\/td><td><\/td><td><\/td><\/tr><tr><th><\/th><td>DIEGO DE ALMAGRO: Hospital Florencia Vargas Diaz<\/td><td><\/td><td><\/td><\/tr><tr><th><\/th><td>DIEGO DE ALMAGRO: CES El Salvador<\/td><td><\/td><td><\/td><\/tr><tr><th><\/th><td>DIEGO DE ALMAGRO: Antigua Casa de la Cultura<\/td><td><\/td><td><\/td><\/tr><tr><th><\/th><td>HUASCO: Posta de salud rural Jeremias Cortes<\/td><td><\/td><td><\/td><\/tr><tr><th><\/th><td>HUASCO: CES Juan Verdaguer<\/td><td><\/td><td><\/td><\/tr><tr><th><\/th><td>TIERRA AMARILLA: Frontis CESFAM SAG<\/td><td><\/td><td><\/td><\/tr><tr><th><\/th><td>TIERRA AMARILLA: Posta Rura Los Loros<\/td><td><\/td><td><\/td><\/tr><tr><th><\/th><td>VALLENAR: Centro del adulto mayor Abuelitas esperanza<\/td><td><\/td><td><\/td><\/tr><tr><th><\/th><td>VALLENAR: Junta de vecinos Ventana<\/td><td><\/td><td><\/td><\/tr><tr><th><\/th><td>VALLENAR: Centro Comunitario Municipal<\/td><td><\/td><td><\/td><\/tr><tr><th><\/th><td>VALLENAR: Junta de vecinos Quinta Valle<\/td><td><\/td><td><\/td><\/tr><tr><th><\/th><td>VALLENAR: CESFAM Joan Crawford<\/td><td><\/td><td><\/td><\/tr><tr><th><\/th><td>VALLENAR: CRR Joan Crawford (EX CESFAM)<\/td><td><\/td><td><\/td><\/tr><tr><th><\/th><td>CHA\u00d1ARAL: Escuela Jose Luis Olivares<\/td><td><\/td><td><\/td><\/tr><tr><th><\/th><td>FREIRINA: Frontis del CESFAM<\/td><td><\/td><td><\/td><\/tr><tr><th><\/th><td>ALTO DEL CARMEN: CESFAM Alto del Carmen<\/td><td><\/td><td><\/td><\/tr><tr><th><\/th><td>COPIAP\u00d3: Liceo de Musica<\/td><td><\/td><td><\/td><\/tr><tr><th><\/th><td>COPIAP\u00d3: Liceo Jose Antonio Carvajal<\/td><td><\/td><td><\/td><\/tr><tr><th><\/th><td>COQUIMBO<\/td><td>Estadio Techado, Coquimbo<\/td><td><\/td><td><\/td><\/tr><tr><th><\/th><td>Estadio Techado Tierras Blancas , Coquimbo<\/td><td><\/td><td><\/td><\/tr><tr><th><\/th><td>Centro Comunitario de Pe\u00f1uelas<\/td><td><\/td><td><\/td><\/tr><tr><th><\/th><td>Ex Centro de Salud San Juan<\/td><td><\/td><td><\/td><\/tr><tr><th><\/th><td>Estadio Diaguita, Ovalle<\/td><td><\/td><td><\/td><\/tr><tr><th><\/th><td>Estadio La Portada, La Serena<\/td><td><\/td><td><\/td><\/tr><tr><th><\/th><td>Polideportivo Las Compa\u00f1ias, La Serena<\/td><td><\/td><td><\/td><\/tr><tr><th><\/th><td>VALPARA\u00cdSO<\/td><td>Liceo Bernardo O&#8221;higgins, San Felipe<\/td><td><\/td><td><\/td><\/tr><tr><th><\/th><td>Liceo Juan Dante Parragu\u00e9z, San Antonio<\/td><td><\/td><td><\/td><\/tr><tr><th><\/th><td>Instituto Chacabuco, Los Andes<\/td><td><\/td><td><\/td><\/tr><tr><th><\/th><td>Escuela Arauco, Quillota<\/td><td><\/td><td><\/td><\/tr><tr><th><\/th><td>Estadio La Calera<\/td><td><\/td><td><\/td><\/tr><tr><th><\/th><td>Gimnasio Municipal de Quilpu\u00e9<\/td><td><\/td><td><\/td><\/tr><tr><th><\/th><td>Liceo Matilde Brandau, Escuela Alemania Valpara\u00edso<\/td><td><\/td><td><\/td><\/tr><tr><th><\/th><td>Escuela Alemania, Valpara\u00edso<\/td><td><\/td><td><\/td><\/tr><tr><th><\/th><td>Estadio Sausalito, Vi\u00f1a del Mar<\/td><td><\/td><td><\/td><\/tr><tr><th><\/th><td>Liceo B-38, Villa Alemana<\/td><td><\/td><td><\/td><\/tr><tr><th><\/th><td>REGION METROPOLITANA<\/td><td>Escuela Escritores de Chile<\/td><td>Arcoiris N\u00ba 4045<\/td><td>RECOLETA<\/td><\/tr><tr><th><\/th><td>DIBAM<\/td><td>Av. Recoleta N\u00ba 683<\/td><\/tr><tr><th><\/th><td>CESFAM Patricio Hevia<\/td><td>Los Cipreses N\u00ba 1892<\/td><\/tr><tr><th><\/th><td>Escuela Rep\u00fablica de Paraguay<\/td><td>Av Recoleta N\u00ba 480<\/td><\/tr><tr><th><\/th><td>Escuela V\u00edctor Cuccuini<\/td><td>Las Violetas N\u00ba 37<\/td><\/tr><tr><th><\/th><td>Carpa Hospital San Jos\u00e9<\/td><td>Profesor Za\u00f1artu 1011-1057<\/td><td>INDEPENDENCIA<\/td><\/tr><tr><th><\/th><td>Polideportivo Municipal<\/td><td>Enrique Soro 1103<\/td><\/tr><tr><th><\/th><td>Liceo Abd\u00f3n Cifuentes<\/td><td>Dorsal N\u00ba 1387<\/td><td>CONCHAL\u00cd<\/td><\/tr><tr><th><\/th><td>Escuela Camilo Henr\u00edquez<\/td><td>Parral N\u00ba 2154<\/td><\/tr><tr><th><\/th><td>Balneario Municipal<\/td><td>Diego Silva N\u00ba 1309<\/td><\/tr><tr><th><\/th><td>Colegio Tecno Sur<\/td><td>Av. San Gregorio 140<\/td><td>LA GRANJA<\/td><\/tr><tr><th><\/th><td>Liceo Malaqu\u00edas Concha<\/td><td>Quilpu\u00e9 7852<\/td><\/tr><tr><th><\/th><td>Colegio Poeta Neruda<\/td><td>Cantos General 331<\/td><\/tr><tr><th><\/th><td>Estadio Sargento Aldea<\/td><td>Calle F 330<\/td><\/tr><tr><th><\/th><td>Parque Gabriela<\/td><td>Av. Concha y Toro 3214 (entrada por seminaristas)<\/td><td>PUENTE ALTO<\/td><\/tr><tr><th><\/th><td>Estadio Bicentenario<\/td><td>Enrique Olivares 1003<\/td><td>LA FLORIDA<\/td><\/tr><tr><th><\/th><td>Centro Cultural San Ram\u00f3n<\/td><td>Santa Rosa N\u00b09441<\/td><td>SAN RAMON<\/td><\/tr><tr><th><\/th><td>CESFAM Poetisa Gabriela Mistral<\/td><td>Aurora de Chile 9872<\/td><\/tr><tr><th><\/th><td>CESFAM La Bandera<\/td><td>Av. Vicu\u00f1a Mackenna #1758<\/td><\/tr><tr><th><\/th><td>Estadio Municipal La Pintana 09:00 a 17:00 L V<\/td><td>Avenida Ciudad de M\u00e9xico 1503<\/td><td>LA PINTANA<\/td><\/tr><tr><th><\/th><td>Club de Campo La Pintana 09:00 a 17:00 L V<\/td><td>Santa Rosa 10812<\/td><\/tr><tr><th><\/th><td>Cesfam Santa Anita<\/td><td>Calmino de Loyola 5302<\/td><td>LO PRADO<\/td><\/tr><tr><th><\/th><td>Cesfam Carlos Avenda\u00f1o<\/td><td>Tte Cruz 1087<\/td><\/tr><tr><th><\/th><td>Cesfam Pablo Neruda<\/td><td>Dorsal 6147<\/td><\/tr><tr><th><\/th><td>Cesfam Ra\u00fal Yazigi\/Escuela EE.UU<\/td><td>Caleta Iquique 214<\/td><\/tr><tr><th><\/th><td><\/td><td><\/td><td>RENCA<\/td><\/tr><tr><th><\/th><td>Instituto Cumbres de Condores Oriente<\/td><td>Av Dorsal 1365<\/td><\/tr><tr><th><\/th><td>Cesfam Cerro Navia<\/td><td>Sado 7965<\/td><td>CERRO NAVIA<\/td><\/tr><tr><th><\/th><td>Cesfam Lo Amor<\/td><td>Neptuno 2198<\/td><\/tr><tr><th><\/th><td>Cesfam Adalberto Steeger<\/td><td>Huel\u00e9n 1629<\/td><\/tr><tr><th><\/th><td>Cesfam Artuto Albertz<\/td><td>Av. Las Torres 1204<\/td><\/tr><tr><th><\/th><td>Colegio Puerto Futuro<\/td><td>Av. Laguna Sur 8132<\/td><td>PUDAHUEL<\/td><\/tr><tr><th><\/th><td>Parroquia Santa Maria del Sur<\/td><td>Av La estrella 322<\/td><\/tr><tr><th><\/th><td>Piscina Municipal<\/td><td>Federico Err\u00e1zuriz 921<\/td><\/tr><tr><th><\/th><td>Colegio Elvira Santa Cruz<\/td><td>Av San Pablo 9184<\/td><\/tr><tr><th><\/th><td>Colegio Estrella de Chile<\/td><td>Av. San Francisco 8550<\/td><\/tr><tr><th><\/th><td>Cesfam Lo Franco<\/td><td>Av Carrascal 4459<\/td><td>QUINTA NORMAL<\/td><\/tr><tr><th><\/th><td>Cesfam Andes<\/td><td>Andes 4242<\/td><\/tr><tr><th><\/th><td>Colegio Rep\u00fablica de Brasil<\/td><td>Riquelme 850<\/td><td>MELIPILLA<\/td><\/tr><tr><th><\/th><td>Liceo Pe\u00f1aflor<\/td><td>Alcalde Luis Araya 1261<\/td><td>PE\u00d1AFLOR<\/td><\/tr><tr><th><\/th><td>Cesfam Alberto Allende Jones<\/td><td>Esmeralda 2049<\/td><td>TALAGANTE<\/td><\/tr><tr><th><\/th><td>Centro Cultural de Bu\u00edn (CECOSF Nuevo Bu\u00edn)<\/td><td>Carlos Condell 501<\/td><td>BUIN<\/td><\/tr><tr><th><\/th><td>VACUNATORIO ESTADIO TRICOLOR<\/td><td>Avenida 18 de Septiembre 0115<\/td><td>PAINE<\/td><\/tr><tr><th><\/th><td>Escuela Consolidada Davila<\/td><td>Jos\u00e9 Juan Prieto Vial 6075<\/td><td>PAC<\/td><\/tr><tr><th><\/th><td>Cesfam Padre Pierre Dubois<\/td><td>Treinta de Octubre 3169<\/td><\/tr><tr><th><\/th><td>Gimnsasio Municipal Manuel Rodriguez<\/td><td>Almirante Neff Norte 352<\/td><td>LA CISTERNA<\/td><\/tr><tr><th><\/th><td>Gimnasio Municipal<\/td><td>Av Am\u00e9rico Vespucio 03303<\/td><td>LO ESPEJO<\/td><\/tr><tr><th><\/th><td>Colegio Fray Camilo Henriquez<\/td><td>Huara 5369<\/td><td>SAN JOAQUIN<\/td><\/tr><tr><th><\/th><td>Liceo Betzabe Hormazabal<\/td><td>Gaspar Banda 4047<\/td><td>SAN MIGUEL<\/td><\/tr><tr><th><\/th><td>CESFAM Carol Urz\u00faa<\/td><td>Mendoza 0785 Escuela EEUU<\/td><td>SAN BERNARDO<\/td><\/tr><tr><th><\/th><td>POLIDEPORTIVO<\/td><td>Av. Col\u00f3n Sur #673<\/td><\/tr><tr><th><\/th><td>Liceo Juan G\u00f3mez Villa<\/td><td>Gran Avenida Jos\u00e9 Miguel Carrera 9740<\/td><td>EL BOSQUE<\/td><\/tr><tr><th><\/th><td>Parque Las Rosas<\/td><td>El Tranque 10.300<\/td><td>LO BARNECHEA<\/td><\/tr><tr><th><\/th><td>Parque Juan Pablo II<\/td><td>Avda. Pdte. Riesco 6350<\/td><td>LAS CONDES<\/td><\/tr><tr><th><\/th><td>Vitavecino Nicol\u00e1s Gogol<\/td><td>Nicol\u00e1s Gogol 1637<\/td><td>VITACURA<\/td><\/tr><tr><th><\/th><td>CESFAM Alessandri<\/td><td>Los Jesuitas 857<\/td><td>PROVIDENCIA<\/td><\/tr><tr><th><\/th><td>Polideportivo Juan Moya<\/td><td>Juan Moya 1370<\/td><\/tr><tr><th><\/th><td>Centro Odontol\u00f3gico<\/td><td>Cordillera 25<\/td><td>LA REINA<\/td><\/tr><tr><th><\/th><td>Centro Cultural CHIMKOWE<\/td><td>Av. Grecia 8787<\/td><td>PE\u00d1ALOL\u00c9N<\/td><\/tr><tr><th><\/th><td>Parroquia Salesianos<\/td><td>Avenida Macul 5950<\/td><td>MACUL<\/td><\/tr><tr><th><\/th><td>Colegio San Mart\u00edn<\/td><td>5 de abril 439 (M a V)<\/td><td>MAIPU<\/td><\/tr><tr><th><\/th><td>Plaza Los Toros<\/td><td>Alberto Llona 1899<\/td><\/tr><tr><th><\/th><td>Piscina Municipal<\/td><td>Los Nardos 5880<\/td><td>ESTACI\u00d3N CENTRAL<\/td><\/tr><tr><th><\/th><td>CAM<\/td><td>Matucana 272<\/td><td>SANTIAGO<\/td><\/tr><tr><th><\/th><td>Junta de vecinos Blanco Encalada<\/td><td>Zenteno 826<\/td><\/tr><tr><th><\/th><td>Gimnasio Jos\u00e9 Manuel Lopez<\/td><td>Santa Elena 1675<\/td><\/tr><tr><th><\/th><td>Gimnasio Municipal<\/td><td>Caletera Am\u00e9rcio Vespucio 914<\/td><td>CERRILLOS<\/td><\/tr><tr><th><\/th><td>LIB.B.O\u00b4HIGGINS<\/td><td>Liceo Oscar Castro, Rancagua<\/td><td><\/td><td><\/td><\/tr><tr><th><\/th><td>Colegio La Paz, Rengo<\/td><td><\/td><td><\/td><\/tr><tr><th><\/th><td>Escuela Hermano Fernando de la Fuente, San Fernando<\/td><td><\/td><td><\/td><\/tr><tr><th><\/th><td>MAULE<\/td><td>Colegio Enrique Donn: Bulnes, entre Ega\u00f1a y Tocornal, Constituci\u00f3n, 2 puestos de vacunaci\u00f3n,<\/td><td><\/td><td><\/td><\/tr><tr><th><\/th><td>Colegio San Alberto Hurtado: O\u00f1ederra 453, Constituci\u00f3n. 1 punto de vacunaci\u00f3n,<\/td><td><\/td><td><\/td><\/tr><tr><th><\/th><td>Escuela Brasil: 5 puestos, Carmen 1080, Curic\u00f3,<\/td><td><\/td><td><\/td><\/tr><tr><th><\/th><td>Escuela Argentina: 2 puestos, Huaiquillo 358, Curic\u00f3,<\/td><td><\/td><td><\/td><\/tr><tr><th><\/th><td>Instituto Comercial de Linares: 3 puntos de vacunacion, O&#8217;Higgins 579, Linares<\/td><td><\/td><td><\/td><\/tr><tr><th><\/th><td>Escuela Am\u00e9ricas: 18 sur 9 y media oriente 1579,<\/td><td><\/td><td><\/td><\/tr><tr><th><\/th><td>Liceo el Sauce, Mercedes s\/n,<\/td><td><\/td><td><\/td><\/tr><tr><th><\/th><td>Escuela Carlos Trupp, 31 oriente 10 y media sur,<\/td><td><\/td><td><\/td><\/tr><tr><th><\/th><td>Escuela Esperanza, 9 norte 15 oriente s\/n,<\/td><td><\/td><td><\/td><\/tr><tr><th><\/th><td>Complejo Educacional Javiera Carrera, 19 norte 6 oriente s\/n,<\/td><td><\/td><td><\/td><\/tr><tr><th><\/th><td>Escuela Ed\u00e9n, 6 poniente 350,<\/td><td><\/td><td><\/td><\/tr><tr><th><\/th><td>Escuela Prosperidad 6 oriente 12 norte,<\/td><td><\/td><td><\/td><\/tr><tr><th><\/th><td>Escuela San Miguel, 40 oriente 4044,<\/td><td><\/td><td><\/td><\/tr><tr><th><\/th><td>Escuela Culenar, avenida Col\u00edn Calle ex Arturo Prat s\/n,<\/td><td><\/td><td><\/td><\/tr><tr><th><\/th><td>\u00d1UBLE<\/td><td>Universidad del Biobio, Andres Bello 720<\/td><td><\/td><td><\/td><\/tr><tr><th><\/th><td>Liceo Politecnico de San Carlos, Gazmuri 451<\/td><td><\/td><td><\/td><\/tr><tr><th><\/th><td>BIOBIO<\/td><td>Los Angeles: Liceo Bicentenario ubicado en Avenida Ricardo Vicu\u00f1a #0320<\/td><td><\/td><td><\/td><\/tr><tr><th><\/th><td>Los Angeles: Ex Gimnasio municipal ubicado en Avenida Ricardo Vicu\u00f1a #0320-B<\/td><td><\/td><td><\/td><\/tr><tr><th><\/th><td>CORONEL: ESCUELA ADELAIDA MIGUELES SOTO, FRENTE A LA PLAZA DE CORONEL<\/td><td><\/td><td><\/td><\/tr><tr><th><\/th><td>CHIGUAYANTE: LICEO JOSE HIPOLITO SALAS, MANUEL RODRIGUEZ 226<\/td><td><\/td><td><\/td><\/tr><tr><th><\/th><td>LOTA: ALA LATERAL DEL LICEO BALDOMERO LILLO, CARRERA 501-599<\/td><td><\/td><td><\/td><\/tr><tr><th><\/th><td>PENCO: GIMNASIO DE PENCO MUNICIPAL, OHIGGINS 500<\/td><td><\/td><td><\/td><\/tr><tr><th><\/th><td>TALCAHUANO: PUERTO MARINA DEL SOL, AVDA. FREIRA 6<\/td><td><\/td><td><\/td><\/tr><tr><th><\/th><td>CONCEPCION: ESTADIO ESTER ROA, COLLAO 481<\/td><td><\/td><td><\/td><\/tr><tr><th><\/th><td>CONCEPCION: CDS LORD COCHRANE, LIBERTADOR GRAL.BERNARDO OHIGGINS 1127<\/td><td><\/td><td><\/td><\/tr><tr><th><\/th><td>CONCEPCION: GIMNASIO CLUB DEPORTIVO FERNANDEZ VIAL, LIBERTADOR GRAL BERNARDO OHIGGINS 740<\/td><td><\/td><td><\/td><\/tr><tr><th><\/th><td>HUALPEN: ESCUELA REPUBLICA DEL PERU, HUNGRIA 2970<\/td><td><\/td><td><\/td><\/tr><tr><th><\/th><td>Hualpen: COLEGIO BLANCA ESTELA, Bulgaria 3421<\/td><td><\/td><td><\/td><\/tr><tr><th><\/th><td>San Pedro de la Paz: Escuela Dario Salas, Los Acacios N\u00b0 39<\/td><td><\/td><td><\/td><\/tr><tr><th><\/th><td>San Pedro de la Paz: Escuela Enrique Soro s\/n<\/td><td><\/td><td><\/td><\/tr><tr><th><\/th><td>Tome: Gimnasio Municipal , Bernardo O&#8221;Higgins N\u00b0 1756, Tome<\/td><td><\/td><td><\/td><\/tr><tr><th><\/th><td>ARAUCANIA<\/td><td>Temuco: Pabell\u00f3n Araucania, Bulnes N\u00b0 0280<\/td><td><\/td><td><\/td><\/tr><tr><th><\/th><td>Angol: Auditorium del Hospital de Angol, General Bonilla 695<\/td><td><\/td><td><\/td><\/tr><tr><th><\/th><td>Villarrica: Gimnasio Municipal, Pedro de Valdivia N\u00b0 810.<\/td><td><\/td><td><\/td><\/tr><tr><th><\/th><td>DE LOS RIOS<\/td><td>Coliseo Municipal: Av. Pedro Montt S\/N Esq. Err\u00e1zuriz<\/td><td><\/td><td><\/td><\/tr><tr><th><\/th><td>Escuela Francia: David Arellano #2727<\/td><td><\/td><td><\/td><\/tr><tr><th><\/th><td>Liceo Vicente Perez Rosales: Ej\u00e9rcito Libertador S\/N<\/td><td><\/td><td><\/td><\/tr><tr><th><\/th><td>Colegio Cultura: Padre Hurtado #570<\/td><td><\/td><td><\/td><\/tr><tr><th><\/th><td>LOS LAGOS<\/td><td>Arena Puerto Montt: Ega\u00f1a #1151<\/td><td><\/td><td><\/td><\/tr><tr><th><\/th><td>Escuela Alla Kintuy: Cruce a Yaldad S\/N<\/td><td><\/td><td><\/td><\/tr><tr><th><\/th><td>Gimnasio Liceo El Pilar: Anibal Pinto #550<\/td><td><\/td><td><\/td><\/tr><tr><th><\/th><td>Centro Polideportivo Castro: Recaredo Oberreuter #1730<\/td><td><\/td><td><\/td><\/tr><tr><th><\/th><td>Efra\u00edn Campana Bilbao #1359<\/td><td><\/td><td><\/td><\/tr><tr><th><\/th><td>AYSEN<\/td><td>Liceo Rep\u00fablica Argentina: Calle Ram\u00f3n Freire #1671<\/td><td><\/td><td><\/td><\/tr><tr><th><\/th><td>Polideportivo, Benigno D\u00edaz 15, Puerto Ays\u00e9n<\/td><td><\/td><td><\/td><\/tr><tr><th><\/th><td>Colegio Victor Domingo Silva: Las Quintas #826<\/td><td><\/td><td><\/td><\/tr><tr><th><\/th><td>Hospital de Puerto Ays\u00e9n: Calle Yussed Laibe #180<\/td><td><\/td><td><\/td><\/tr><tr><th><\/th><td>MAGALLANES Y ANTARTICA CHILENA<\/td><td>Liceo contardo: Manantiales #1027<\/td><td><\/td><td><\/td><\/tr><tr><th><\/th><td>Escuela Hernando de Magallanes: Jose del Carmen Galindo #1150<\/td><td><\/td><td><\/td><\/tr><tr><th><\/th><td>Escuela Manuel Bulnes: Pedro Aguirre Cerda #35<\/td><\/tr><\/tbody><\/table><\/figure>\n","protected":false},"excerpt":{"rendered":"<div class=\"mh-excerpt\"><div class=\"pvc_clear\"><\/div>\n<p id=\"pvc_stats_131\" class=\"pvc_stats all  \" data-element-id=\"131\" style=\"\"><i class=\"pvc-stats-icon medium\" aria-hidden=\"true\"><svg aria-hidden=\"true\" focusable=\"false\" data-prefix=\"far\" data-icon=\"chart-bar\" role=\"img\" xmlns=\"http:\/\/www.w3.org\/2000\/svg\" viewBox=\"0 0 512 512\" class=\"svg-inline--fa fa-chart-bar fa-w-16 fa-2x\"><path fill=\"currentColor\" d=\"M396.8 352h22.4c6.4 0 12.8-6.4 12.8-12.8V108.8c0-6.4-6.4-12.8-12.8-12.8h-22.4c-6.4 0-12.8 6.4-12.8 12.8v230.4c0 6.4 6.4 12.8 12.8 12.8zm-192 0h22.4c6.4 0 12.8-6.4 12.8-12.8V140.8c0-6.4-6.4-12.8-12.8-12.8h-22.4c-6.4 0-12.8 6.4-12.8 12.8v198.4c0 6.4 6.4 12.8 12.8 12.8zm96 0h22.4c6.4 0 12.8-6.4 12.8-12.8V204.8c0-6.4-6.4-12.8-12.8-12.8h-22.4c-6.4 0-12.8 6.4-12.8 12.8v134.4c0 6.4 6.4 12.8 12.8 12.8zM496 400H48V80c0-8.84-7.16-16-16-16H16C7.16 64 0 71.16 0 80v336c0 17.67 14.33 32 32 32h464c8.84 0 16-7.16 16-16v-16c0-8.84-7.16-16-16-16zm-387.2-48h22.4c6.4 0 12.8-6.4 12.8-12.8v-70.4c0-6.4-6.4-12.8-12.8-12.8h-22.4c-6.4 0-12.8 6.4-12.8 12.8v70.4c0 6.4 6.4 12.8 12.8 12.8z\" class=\"\"><\/path><\/svg><\/i> <img loading=\"lazy\" decoding=\"async\" width=\"16\" height=\"16\" alt=\"Loading\" src=\"https:\/\/www.aricayciencia.cl\/wp-content\/plugins\/page-views-count\/ajax-loader-2x.gif\" border=0 \/><\/p>\n<div class=\"pvc_clear\"><\/div>\n<p>Revisa cu\u00e1les son los centros de vacunaci\u00f3n Pfizer-BioNTech de tu regi\u00f3n 10 de Marzo 2021 La subsecretaria de Salud P\u00fablica, Paula Daza, inform\u00f3 la incorporaci\u00f3n <a class=\"mh-excerpt-more\" href=\"https:\/\/www.aricayciencia.cl\/index.php\/2021\/03\/10\/131\/\" title=\"Conoce los centros de vacunaci\u00f3n para dializados y trasplantados de organos solidos\">[&#8230;]<\/a><\/p>\n<\/div>","protected":false},"author":1,"featured_media":236,"comment_status":"open","ping_status":"open","sticky":false,"template":"","format":"standard","meta":{"footnotes":""},"categories":[1],"tags":[],"class_list":["post-131","post","type-post","status-publish","format-standard","has-post-thumbnail","hentry","category-sin-categoria"],"_links":{"self":[{"href":"https:\/\/www.aricayciencia.cl\/index.php\/wp-json\/wp\/v2\/posts\/131","targetHints":{"allow":["GET"]}}],"collection":[{"href":"https:\/\/www.aricayciencia.cl\/index.php\/wp-json\/wp\/v2\/posts"}],"about":[{"href":"https:\/\/www.aricayciencia.cl\/index.php\/wp-json\/wp\/v2\/types\/post"}],"author":[{"embeddable":true,"href":"https:\/\/www.aricayciencia.cl\/index.php\/wp-json\/wp\/v2\/users\/1"}],"replies":[{"embeddable":true,"href":"https:\/\/www.aricayciencia.cl\/index.php\/wp-json\/wp\/v2\/comments?post=131"}],"version-history":[{"count":3,"href":"https:\/\/www.aricayciencia.cl\/index.php\/wp-json\/wp\/v2\/posts\/131\/revisions"}],"predecessor-version":[{"id":237,"href":"https:\/\/www.aricayciencia.cl\/index.php\/wp-json\/wp\/v2\/posts\/131\/revisions\/237"}],"wp:featuredmedia":[{"embeddable":true,"href":"https:\/\/www.aricayciencia.cl\/index.php\/wp-json\/wp\/v2\/media\/236"}],"wp:attachment":[{"href":"https:\/\/www.aricayciencia.cl\/index.php\/wp-json\/wp\/v2\/media?parent=131"}],"wp:term":[{"taxonomy":"category","embeddable":true,"href":"https:\/\/www.aricayciencia.cl\/index.php\/wp-json\/wp\/v2\/categories?post=131"},{"taxonomy":"post_tag","embeddable":true,"href":"https:\/\/www.aricayciencia.cl\/index.php\/wp-json\/wp\/v2\/tags?post=131"}],"curies":[{"name":"wp","href":"https:\/\/api.w.org\/{rel}","templated":true}]}}