{"id":118,"date":"2021-02-20T10:24:45","date_gmt":"2021-02-20T13:24:45","guid":{"rendered":"http:\/\/www.aricayciencia.cl\/?p=118"},"modified":"2021-03-03T10:25:13","modified_gmt":"2021-03-03T13:25:13","slug":"las-personas-con-depresion-tienen-diferencias-en-sus-neuronas-revela-analisis-post-mortem","status":"publish","type":"post","link":"https:\/\/www.aricayciencia.cl\/index.php\/2021\/02\/20\/las-personas-con-depresion-tienen-diferencias-en-sus-neuronas-revela-analisis-post-mortem\/","title":{"rendered":"Las personas con depresi\u00f3n tienen diferencias en sus neuronas, revela an\u00e1lisis post mortem"},"content":{"rendered":"<div class=\"pvc_clear\"><\/div><p id=\"pvc_stats_118\" class=\"pvc_stats all  \" data-element-id=\"118\" style=\"\"><i class=\"pvc-stats-icon medium\" aria-hidden=\"true\"><svg aria-hidden=\"true\" focusable=\"false\" data-prefix=\"far\" data-icon=\"chart-bar\" role=\"img\" xmlns=\"http:\/\/www.w3.org\/2000\/svg\" viewBox=\"0 0 512 512\" class=\"svg-inline--fa fa-chart-bar fa-w-16 fa-2x\"><path fill=\"currentColor\" d=\"M396.8 352h22.4c6.4 0 12.8-6.4 12.8-12.8V108.8c0-6.4-6.4-12.8-12.8-12.8h-22.4c-6.4 0-12.8 6.4-12.8 12.8v230.4c0 6.4 6.4 12.8 12.8 12.8zm-192 0h22.4c6.4 0 12.8-6.4 12.8-12.8V140.8c0-6.4-6.4-12.8-12.8-12.8h-22.4c-6.4 0-12.8 6.4-12.8 12.8v198.4c0 6.4 6.4 12.8 12.8 12.8zm96 0h22.4c6.4 0 12.8-6.4 12.8-12.8V204.8c0-6.4-6.4-12.8-12.8-12.8h-22.4c-6.4 0-12.8 6.4-12.8 12.8v134.4c0 6.4 6.4 12.8 12.8 12.8zM496 400H48V80c0-8.84-7.16-16-16-16H16C7.16 64 0 71.16 0 80v336c0 17.67 14.33 32 32 32h464c8.84 0 16-7.16 16-16v-16c0-8.84-7.16-16-16-16zm-387.2-48h22.4c6.4 0 12.8-6.4 12.8-12.8v-70.4c0-6.4-6.4-12.8-12.8-12.8h-22.4c-6.4 0-12.8 6.4-12.8 12.8v70.4c0 6.4 6.4 12.8 12.8 12.8z\" class=\"\"><\/path><\/svg><\/i> <img loading=\"lazy\" decoding=\"async\" width=\"16\" height=\"16\" alt=\"Loading\" src=\"https:\/\/www.aricayciencia.cl\/wp-content\/plugins\/page-views-count\/ajax-loader-2x.gif\" border=0 \/><\/p><div class=\"pvc_clear\"><\/div>\n<p><em>Publicado en Robotitus.com<\/em><\/p>\n\n\n\n<p><a href=\"https:\/\/robotitus.com\/las-personas-que-tienen-depresion-tienen-menos-probabilidades-de-tener-ciertas-bacterias-intestinales\">La depresi\u00f3n<\/a>&nbsp;puede generar cambios profundos no solo en el estado de \u00e1nimo de las personas sino tambi\u00e9n a nivel fisiol\u00f3gico. Ahora una investigaci\u00f3n en personas ya fallecidas ha encontrado m\u00e1s evidencia acerca de estos cambios en las mismas neuronas. Los detalles fueron publicados en&nbsp;<em><a href=\"https:\/\/www.frontiersin.org\/articles\/10.3389\/fpsyt.2021.640963\/full#B35\">Frontiers in Psychiatry<\/a>.<\/em><\/p>\n\n\n\n<p>Los investigadores del Instituto Universitario de Salud Mental Douglas y la Universidad McGill en Canad\u00e1 analizaron tejidos cerebrales extra\u00eddos de personas que murieron por suicidio. El equipo vincul\u00f3 por primera vez la depresi\u00f3n cr\u00f3nica con una marcada ca\u00edda en el n\u00famero de tipos espec\u00edficos de c\u00e9lulas nerviosas de apoyo.<\/p>\n\n\n\n<p>El hallazgo no muestra una causa para el declive, ni describe necesariamente c\u00f3mo un mayor n\u00famero de c\u00e9lulas podr\u00eda proteger la salud mental. Pero establece una nueva \u00e1rea de investigaci\u00f3n que alg\u00fan d\u00eda podr\u00eda conducir a un temprano diagn\u00f3stico y tratamiento para la depresi\u00f3n.<\/p>\n\n\n\n<h2 class=\"wp-block-heading\"><strong>Neuronas de soporte<\/strong><\/h2>\n\n\n\n<p>Para el estudio, los investigadores estudiaron tejido cerebral tomado de 10 hombres diagnosticados con depresi\u00f3n que fallecieron por suicidio. Estos se compararon con 10 muestras de tejido tomadas de diferentes regiones del cerebro en hombres que murieron repentinamente sin un diagn\u00f3stico de salud mental.<\/p>\n\n\n\n<p>Los cient\u00edficos prestaron particular inter\u00e9s al n\u00famero de c\u00e9lulas neuronales llamadas astrocitos, un tipo de c\u00e9lulas de apoyo. Investigaciones anteriores sobre las posibles diferencias de la anatom\u00eda del cerebro entre personas con depresi\u00f3n cr\u00f3nica y quienes no la padecen, han insinuado un papel para esta red celular, particularmente en \u00e1reas como la corteza prefrontal y la am\u00edgdala.<\/p>\n\n\n\n<p>Estos tejidos auxiliares desempe\u00f1an un papel importante en el transporte de nutrientes, manteniendo en equilibrio las mol\u00e9culas cargadas y curando el trauma del cerebro y la m\u00e9dula espinal.<\/p>\n\n\n\n<p><a href=\"http:\/\/robotitus.com\/tag\/depresion\">La depresi\u00f3n se caracteriza<\/a>&nbsp;por una amplia variedad de s\u00edntomas y comportamientos negativos, que en ocasiones pueden llegar a ser fatales. Exactamente c\u00f3mo es que estos rasgos podr\u00edan surgir de cambios en las c\u00e9lulas de apoyo hacia nuestras v\u00edas neuronales es la gran pregunta a ser respondida.<\/p>\n\n\n\n<h2 class=\"wp-block-heading\"><strong>Prote\u00edna GFAP<\/strong><\/h2>\n\n\n\n<p>Curiosamente, ha salido a la luz en los \u00faltimos a\u00f1os que los astrocitos podr\u00edan ser m\u00e1s pr\u00e1cticos con el lado de las comunicaciones de los nervios activados. Esto los convierte no solo en redes de apoyo, sino en posibles \u201cpolic\u00edas de tr\u00e1nsito\u201d con una responsabilidad mucho m\u00e1s din\u00e1mica.<\/p>\n\n\n\n<p>Descubrir la forma en estas diversas funciones de los astrocitos pueden estar relacionadas con los s\u00edntomas de la depresi\u00f3n requiere de investigar sus estructuras y bioqu\u00edmica. Algo sumamente dif\u00edcil de hacer en un cerebro vivo.<\/p>\n\n\n\n<p>Los investigadores han hecho algunos avances en el pasado. Encontraron que una prote\u00edna com\u00fan a varias c\u00e9lulas en mam\u00edferos,&nbsp;<strong>llamada prote\u00edna \u00e1cida fibrilar glial (o GFAP)<\/strong>, no se expresa en cantidades tan altas por los astrocitos en cerebros diagnosticados con depresi\u00f3n.<\/p>\n\n\n\n<p>Es \u00fatil saberlo, pero los astrocitos que producen GFAP representan una minor\u00eda de la poblaci\u00f3n general. Por eso, los cient\u00edficos est\u00e1n buscando formas de identificar y comparar otras caracter\u00edsticas de ellos.<\/p>\n\n\n\n<h2 class=\"wp-block-heading\"><strong>Buscando rastros<\/strong><\/h2>\n\n\n\n<p><strong>La vimentina<\/strong>&nbsp;es otro tipo de prote\u00edna expresada por c\u00e9lulas humanas, com\u00fanmente utilizada para dar estructura a ciertas c\u00e9lulas. Tambi\u00e9n se la ha relacionado con esta patolog\u00eda cerebral en el pasado, por lo que es un objetivo valioso para estudiar en el contexto de la salud mental.<\/p>\n\n\n\n<p>El equipo analiz\u00f3 los astrocitos en el cerebro mediante la tinci\u00f3n de prote\u00ednas espec\u00edficas que se encuentran en su estructura:<strong>\u00a0vimentina y GFAP<\/strong>. El novedoso m\u00e9todo proporciona una vista clara, completa y sin precedentes de toda la estructura microsc\u00f3pica de estas c\u00e9lulas.<\/p>\n\n\n\n<p>Las comparaciones entre diferentes tipos de astrocitos fueron reveladoras. Al igual que las c\u00e9lulas GFAP, los astrocitos que expresan vimentina fueron significativamente menores entre las muestras de tejido cerebral tomadas de hombres con depresi\u00f3n. Pero las diferencias entre los dos en la corteza prefrontal fueron dos veces mayores para las c\u00e9lulas de vimentina.<\/p>\n\n\n\n<p>Estos hallazgos son solo un peque\u00f1o paso para entender mejor la depresi\u00f3n cr\u00f3nica. A\u00fan estamos lejos de resolver&nbsp;<a href=\"https:\/\/robotitus.com\/estudio-sugiere-que-las-personas-depresivas-se-sienten-atraidas-por-los-memes-tristes\">el acertijo de esta terrible enfermedad<\/a>, pero aquellos que la sufren deben saber que la ciencia est\u00e1 haciendo su mejor esfuerzo<\/p>\n","protected":false},"excerpt":{"rendered":"<div class=\"mh-excerpt\"><div class=\"pvc_clear\"><\/div>\n<p id=\"pvc_stats_118\" class=\"pvc_stats all  \" data-element-id=\"118\" style=\"\"><i class=\"pvc-stats-icon medium\" aria-hidden=\"true\"><svg aria-hidden=\"true\" focusable=\"false\" data-prefix=\"far\" data-icon=\"chart-bar\" role=\"img\" xmlns=\"http:\/\/www.w3.org\/2000\/svg\" viewBox=\"0 0 512 512\" class=\"svg-inline--fa fa-chart-bar fa-w-16 fa-2x\"><path fill=\"currentColor\" d=\"M396.8 352h22.4c6.4 0 12.8-6.4 12.8-12.8V108.8c0-6.4-6.4-12.8-12.8-12.8h-22.4c-6.4 0-12.8 6.4-12.8 12.8v230.4c0 6.4 6.4 12.8 12.8 12.8zm-192 0h22.4c6.4 0 12.8-6.4 12.8-12.8V140.8c0-6.4-6.4-12.8-12.8-12.8h-22.4c-6.4 0-12.8 6.4-12.8 12.8v198.4c0 6.4 6.4 12.8 12.8 12.8zm96 0h22.4c6.4 0 12.8-6.4 12.8-12.8V204.8c0-6.4-6.4-12.8-12.8-12.8h-22.4c-6.4 0-12.8 6.4-12.8 12.8v134.4c0 6.4 6.4 12.8 12.8 12.8zM496 400H48V80c0-8.84-7.16-16-16-16H16C7.16 64 0 71.16 0 80v336c0 17.67 14.33 32 32 32h464c8.84 0 16-7.16 16-16v-16c0-8.84-7.16-16-16-16zm-387.2-48h22.4c6.4 0 12.8-6.4 12.8-12.8v-70.4c0-6.4-6.4-12.8-12.8-12.8h-22.4c-6.4 0-12.8 6.4-12.8 12.8v70.4c0 6.4 6.4 12.8 12.8 12.8z\" class=\"\"><\/path><\/svg><\/i> <img loading=\"lazy\" decoding=\"async\" width=\"16\" height=\"16\" alt=\"Loading\" src=\"https:\/\/www.aricayciencia.cl\/wp-content\/plugins\/page-views-count\/ajax-loader-2x.gif\" border=0 \/><\/p>\n<div class=\"pvc_clear\"><\/div>\n<p>Publicado en Robotitus.com La depresi\u00f3n&nbsp;puede generar cambios profundos no solo en el estado de \u00e1nimo de las personas sino tambi\u00e9n a nivel fisiol\u00f3gico. Ahora una <a class=\"mh-excerpt-more\" href=\"https:\/\/www.aricayciencia.cl\/index.php\/2021\/02\/20\/las-personas-con-depresion-tienen-diferencias-en-sus-neuronas-revela-analisis-post-mortem\/\" title=\"Las personas con depresi\u00f3n tienen diferencias en sus neuronas, revela an\u00e1lisis post mortem\">[&#8230;]<\/a><\/p>\n<\/div>","protected":false},"author":1,"featured_media":119,"comment_status":"open","ping_status":"open","sticky":false,"template":"","format":"standard","meta":{"footnotes":""},"categories":[1],"tags":[],"class_list":["post-118","post","type-post","status-publish","format-standard","has-post-thumbnail","hentry","category-sin-categoria"],"_links":{"self":[{"href":"https:\/\/www.aricayciencia.cl\/index.php\/wp-json\/wp\/v2\/posts\/118","targetHints":{"allow":["GET"]}}],"collection":[{"href":"https:\/\/www.aricayciencia.cl\/index.php\/wp-json\/wp\/v2\/posts"}],"about":[{"href":"https:\/\/www.aricayciencia.cl\/index.php\/wp-json\/wp\/v2\/types\/post"}],"author":[{"embeddable":true,"href":"https:\/\/www.aricayciencia.cl\/index.php\/wp-json\/wp\/v2\/users\/1"}],"replies":[{"embeddable":true,"href":"https:\/\/www.aricayciencia.cl\/index.php\/wp-json\/wp\/v2\/comments?post=118"}],"version-history":[{"count":1,"href":"https:\/\/www.aricayciencia.cl\/index.php\/wp-json\/wp\/v2\/posts\/118\/revisions"}],"predecessor-version":[{"id":120,"href":"https:\/\/www.aricayciencia.cl\/index.php\/wp-json\/wp\/v2\/posts\/118\/revisions\/120"}],"wp:featuredmedia":[{"embeddable":true,"href":"https:\/\/www.aricayciencia.cl\/index.php\/wp-json\/wp\/v2\/media\/119"}],"wp:attachment":[{"href":"https:\/\/www.aricayciencia.cl\/index.php\/wp-json\/wp\/v2\/media?parent=118"}],"wp:term":[{"taxonomy":"category","embeddable":true,"href":"https:\/\/www.aricayciencia.cl\/index.php\/wp-json\/wp\/v2\/categories?post=118"},{"taxonomy":"post_tag","embeddable":true,"href":"https:\/\/www.aricayciencia.cl\/index.php\/wp-json\/wp\/v2\/tags?post=118"}],"curies":[{"name":"wp","href":"https:\/\/api.w.org\/{rel}","templated":true}]}}