{"id":111,"date":"2021-02-14T14:56:00","date_gmt":"2021-02-14T17:56:00","guid":{"rendered":"http:\/\/www.aricayciencia.cl\/?p=111"},"modified":"2021-02-14T14:56:13","modified_gmt":"2021-02-14T17:56:13","slug":"arte-y-conciencia","status":"publish","type":"post","link":"https:\/\/www.aricayciencia.cl\/index.php\/2021\/02\/14\/arte-y-conciencia\/","title":{"rendered":"Arte y conCiencia"},"content":{"rendered":"<div class=\"pvc_clear\"><\/div><p id=\"pvc_stats_111\" class=\"pvc_stats all  \" data-element-id=\"111\" style=\"\"><i class=\"pvc-stats-icon medium\" aria-hidden=\"true\"><svg aria-hidden=\"true\" focusable=\"false\" data-prefix=\"far\" data-icon=\"chart-bar\" role=\"img\" xmlns=\"http:\/\/www.w3.org\/2000\/svg\" viewBox=\"0 0 512 512\" class=\"svg-inline--fa fa-chart-bar fa-w-16 fa-2x\"><path fill=\"currentColor\" d=\"M396.8 352h22.4c6.4 0 12.8-6.4 12.8-12.8V108.8c0-6.4-6.4-12.8-12.8-12.8h-22.4c-6.4 0-12.8 6.4-12.8 12.8v230.4c0 6.4 6.4 12.8 12.8 12.8zm-192 0h22.4c6.4 0 12.8-6.4 12.8-12.8V140.8c0-6.4-6.4-12.8-12.8-12.8h-22.4c-6.4 0-12.8 6.4-12.8 12.8v198.4c0 6.4 6.4 12.8 12.8 12.8zm96 0h22.4c6.4 0 12.8-6.4 12.8-12.8V204.8c0-6.4-6.4-12.8-12.8-12.8h-22.4c-6.4 0-12.8 6.4-12.8 12.8v134.4c0 6.4 6.4 12.8 12.8 12.8zM496 400H48V80c0-8.84-7.16-16-16-16H16C7.16 64 0 71.16 0 80v336c0 17.67 14.33 32 32 32h464c8.84 0 16-7.16 16-16v-16c0-8.84-7.16-16-16-16zm-387.2-48h22.4c6.4 0 12.8-6.4 12.8-12.8v-70.4c0-6.4-6.4-12.8-12.8-12.8h-22.4c-6.4 0-12.8 6.4-12.8 12.8v70.4c0 6.4 6.4 12.8 12.8 12.8z\" class=\"\"><\/path><\/svg><\/i> <img loading=\"lazy\" decoding=\"async\" width=\"16\" height=\"16\" alt=\"Loading\" src=\"https:\/\/www.aricayciencia.cl\/wp-content\/plugins\/page-views-count\/ajax-loader-2x.gif\" border=0 \/><\/p><div class=\"pvc_clear\"><\/div>\n<blockquote class=\"wp-block-quote is-layout-flow wp-block-quote-is-layout-flow\"><p>Mon Laferte pinta mural apoyando campa\u00f1a de Oceana para terminar con los pl\u00e1sticos de un solo uso<\/p><cite>Publicado en OCEANA Chile<\/cite><\/blockquote>\n\n\n\n<ul class=\"wp-block-list\"><li><em>Obra busca concientizar sobre el problema de la contaminaci\u00f3n en los oc\u00e9anos a trav\u00e9s del arte urbano<\/em><\/li><\/ul>\n\n\n\n<p><strong>Valpara\u00edso, 11 de febrero, 2021.&nbsp;<\/strong>\u201cSe trata sobre el mar y muestra a las especies con tristeza por la basura pl\u00e1stica\u201d, explica la destacada artista nacional Mon Laferte quien pint\u00f3 un gran mural en el Cerro C\u00e1rcel de Valpara\u00edso, respaldando de esta manera la campa\u00f1a de la organizaci\u00f3n de conservaci\u00f3n marina Oceana que busca detener la contaminaci\u00f3n por pl\u00e1sticos de un solo uso.<\/p>\n\n\n\n<p>La cantante vi\u00f1amarina estuvo trabajando en esta obra junto a un colectivo de artistas durante tres d\u00edas \u201cpara crear conciencia sobre la contaminaci\u00f3n que afecta a los oc\u00e9anos y los seres vivos que habitan en ellos\u201d, agregando que \u201ca veces resulta dif\u00edcil darnos cuenta del da\u00f1o provocado, por eso quise humanizar a las especies marinas que se ven tristes producto de los pl\u00e1sticos que est\u00e1n en su h\u00e1bitat\u201d.<\/p>\n\n\n\n<p>Recordemos que en mayo de 2019, Oceana junto a Plastic Oceans Chile dio a conocer un estudio que desarroll\u00f3 una l\u00ednea de base sobre la situaci\u00f3n de los pl\u00e1sticos en Chile e incluy\u00f3 un an\u00e1lisis de legislaciones de otros pa\u00edses en la materia y una propuesta de regulaci\u00f3n. A ra\u00edz de este reporte, senadoras y senadores de distintas bancadas, con apoyo de diputadas y diputados, presentaron un proyecto de ley que regula los pl\u00e1sticos de un solo uso utilizados en los establecimientos de expendio de comidas, as\u00ed como las botellas pl\u00e1sticas en el caso de supermercados.<\/p>\n\n\n\n<p>\u201cEn Oceana hemos trabajado por casi tres a\u00f1os en esta campa\u00f1a para limitar la generaci\u00f3n de pl\u00e1sticos de un solo uso y nos hemos dado cuenta de lo importante que es que todos los habitantes del pa\u00eds sepan las consecuencias en el corto y largo plazo que tiene la utilizaci\u00f3n de productos que descartamos en pocos minutos, pero que permanecer\u00e1n para siempre\u201d, afirm\u00f3 Liesbeth van der Meer, Directora Ejecutiva de Oceana Chile. \u201cPor eso, creemos que este mural ayudar\u00e1 a generar m\u00e1s conciencia sobre el tema y que el mensaje llegue a las diputadas y diputados que deben votar este proyecto en marzo\u201d, a\u00f1adi\u00f3.<\/p>\n\n\n\n<p>La iniciativa legal fue aprobada por unanimidad en el Senado en julio de 2020 y actualmente se est\u00e1 revisando en la Comisi\u00f3n de Medio Ambiente de la C\u00e1mara de Diputadas y Diputados, la cual deber\u00e1 despacharlo para su votaci\u00f3n en sala.<\/p>\n\n\n\n<p>\u201cOjal\u00e1 que un mural como este pueda generar conciencia no solo en las personas, sino tambi\u00e9n en quienes tienen el poder para empujar los cambios que necesitamos, los que toman las decisiones pueden hacer la diferencia al aprobar el proyecto que protege el mar de los pl\u00e1sticos de un solo uso\u201d, afirm\u00f3 Mon Laferte.<\/p>\n\n\n\n<p>El mural, que tambi\u00e9n se transforma en un aporte al arte urbano de Valpara\u00edso, ya se encuentra totalmente terminado y puede ser visto en la calle Jos\u00e9 Joaqu\u00edn P\u00e9rez 173, Cerro C\u00e1rcel, en una de las paredes laterales del Hotel Ultramar. Jos\u00e9 Lozano, quien cedi\u00f3 el mural, consider\u00f3 \u201cde gran relevancia que se potencie el aspecto&nbsp;cultural y art\u00edstico de la ciudad&nbsp;porque la gran mayor\u00eda de los visitantes a Valpara\u00edso vienen precisamente por esto.&nbsp;Adem\u00e1s, decidimos ceder este muro porque tiene una tem\u00e1tica de la cual nadie podr\u00eda estar en desacuerdo como es detener la contaminaci\u00f3n del mar por pl\u00e1sticos\u201d, concluy\u00f3.<\/p>\n\n\n\n<p>En este sentido, en Oceana consideraron que el patrimonio cultural y natural deben ser el eje del desarrollo de esta ciudad hist\u00f3rica en donde la protecci\u00f3n del mar adquiere la misma relevancia que la cultura, lo cual queda plasmado en el mural.<\/p>\n","protected":false},"excerpt":{"rendered":"<div class=\"mh-excerpt\"><div class=\"pvc_clear\"><\/div>\n<p id=\"pvc_stats_111\" class=\"pvc_stats all  \" data-element-id=\"111\" style=\"\"><i class=\"pvc-stats-icon medium\" aria-hidden=\"true\"><svg aria-hidden=\"true\" focusable=\"false\" data-prefix=\"far\" data-icon=\"chart-bar\" role=\"img\" xmlns=\"http:\/\/www.w3.org\/2000\/svg\" viewBox=\"0 0 512 512\" class=\"svg-inline--fa fa-chart-bar fa-w-16 fa-2x\"><path fill=\"currentColor\" d=\"M396.8 352h22.4c6.4 0 12.8-6.4 12.8-12.8V108.8c0-6.4-6.4-12.8-12.8-12.8h-22.4c-6.4 0-12.8 6.4-12.8 12.8v230.4c0 6.4 6.4 12.8 12.8 12.8zm-192 0h22.4c6.4 0 12.8-6.4 12.8-12.8V140.8c0-6.4-6.4-12.8-12.8-12.8h-22.4c-6.4 0-12.8 6.4-12.8 12.8v198.4c0 6.4 6.4 12.8 12.8 12.8zm96 0h22.4c6.4 0 12.8-6.4 12.8-12.8V204.8c0-6.4-6.4-12.8-12.8-12.8h-22.4c-6.4 0-12.8 6.4-12.8 12.8v134.4c0 6.4 6.4 12.8 12.8 12.8zM496 400H48V80c0-8.84-7.16-16-16-16H16C7.16 64 0 71.16 0 80v336c0 17.67 14.33 32 32 32h464c8.84 0 16-7.16 16-16v-16c0-8.84-7.16-16-16-16zm-387.2-48h22.4c6.4 0 12.8-6.4 12.8-12.8v-70.4c0-6.4-6.4-12.8-12.8-12.8h-22.4c-6.4 0-12.8 6.4-12.8 12.8v70.4c0 6.4 6.4 12.8 12.8 12.8z\" class=\"\"><\/path><\/svg><\/i> <img loading=\"lazy\" decoding=\"async\" width=\"16\" height=\"16\" alt=\"Loading\" src=\"https:\/\/www.aricayciencia.cl\/wp-content\/plugins\/page-views-count\/ajax-loader-2x.gif\" border=0 \/><\/p>\n<div class=\"pvc_clear\"><\/div>\n<p>Mon Laferte pinta mural apoyando campa\u00f1a de Oceana para terminar con los pl\u00e1sticos de un solo uso Publicado en OCEANA Chile Obra busca concientizar sobre <a class=\"mh-excerpt-more\" href=\"https:\/\/www.aricayciencia.cl\/index.php\/2021\/02\/14\/arte-y-conciencia\/\" title=\"Arte y conCiencia\">[&#8230;]<\/a><\/p>\n<\/div>","protected":false},"author":1,"featured_media":112,"comment_status":"open","ping_status":"open","sticky":false,"template":"","format":"standard","meta":{"footnotes":""},"categories":[1],"tags":[],"class_list":["post-111","post","type-post","status-publish","format-standard","has-post-thumbnail","hentry","category-sin-categoria"],"_links":{"self":[{"href":"https:\/\/www.aricayciencia.cl\/index.php\/wp-json\/wp\/v2\/posts\/111","targetHints":{"allow":["GET"]}}],"collection":[{"href":"https:\/\/www.aricayciencia.cl\/index.php\/wp-json\/wp\/v2\/posts"}],"about":[{"href":"https:\/\/www.aricayciencia.cl\/index.php\/wp-json\/wp\/v2\/types\/post"}],"author":[{"embeddable":true,"href":"https:\/\/www.aricayciencia.cl\/index.php\/wp-json\/wp\/v2\/users\/1"}],"replies":[{"embeddable":true,"href":"https:\/\/www.aricayciencia.cl\/index.php\/wp-json\/wp\/v2\/comments?post=111"}],"version-history":[{"count":1,"href":"https:\/\/www.aricayciencia.cl\/index.php\/wp-json\/wp\/v2\/posts\/111\/revisions"}],"predecessor-version":[{"id":113,"href":"https:\/\/www.aricayciencia.cl\/index.php\/wp-json\/wp\/v2\/posts\/111\/revisions\/113"}],"wp:featuredmedia":[{"embeddable":true,"href":"https:\/\/www.aricayciencia.cl\/index.php\/wp-json\/wp\/v2\/media\/112"}],"wp:attachment":[{"href":"https:\/\/www.aricayciencia.cl\/index.php\/wp-json\/wp\/v2\/media?parent=111"}],"wp:term":[{"taxonomy":"category","embeddable":true,"href":"https:\/\/www.aricayciencia.cl\/index.php\/wp-json\/wp\/v2\/categories?post=111"},{"taxonomy":"post_tag","embeddable":true,"href":"https:\/\/www.aricayciencia.cl\/index.php\/wp-json\/wp\/v2\/tags?post=111"}],"curies":[{"name":"wp","href":"https:\/\/api.w.org\/{rel}","templated":true}]}}