{"id":102,"date":"2021-01-20T11:40:13","date_gmt":"2021-01-20T14:40:13","guid":{"rendered":"http:\/\/www.aricayciencia.cl\/?p=102"},"modified":"2021-02-14T14:40:43","modified_gmt":"2021-02-14T17:40:43","slug":"consejeros-consultivos-del-ministerio-del-medio-ambiente-de-todo-chile-se-reunen-para-optimizar-su-aporte-en-la-gestion-ambiental-regional","status":"publish","type":"post","link":"https:\/\/www.aricayciencia.cl\/index.php\/2021\/01\/20\/consejeros-consultivos-del-ministerio-del-medio-ambiente-de-todo-chile-se-reunen-para-optimizar-su-aporte-en-la-gestion-ambiental-regional\/","title":{"rendered":"Consejeros consultivos del Ministerio del Medio Ambiente de todo Chile se re\u00fanen para optimizar su aporte en la gesti\u00f3n ambiental regional"},"content":{"rendered":"<div class=\"pvc_clear\"><\/div><p id=\"pvc_stats_102\" class=\"pvc_stats all  \" data-element-id=\"102\" style=\"\"><i class=\"pvc-stats-icon medium\" aria-hidden=\"true\"><svg aria-hidden=\"true\" focusable=\"false\" data-prefix=\"far\" data-icon=\"chart-bar\" role=\"img\" xmlns=\"http:\/\/www.w3.org\/2000\/svg\" viewBox=\"0 0 512 512\" class=\"svg-inline--fa fa-chart-bar fa-w-16 fa-2x\"><path fill=\"currentColor\" d=\"M396.8 352h22.4c6.4 0 12.8-6.4 12.8-12.8V108.8c0-6.4-6.4-12.8-12.8-12.8h-22.4c-6.4 0-12.8 6.4-12.8 12.8v230.4c0 6.4 6.4 12.8 12.8 12.8zm-192 0h22.4c6.4 0 12.8-6.4 12.8-12.8V140.8c0-6.4-6.4-12.8-12.8-12.8h-22.4c-6.4 0-12.8 6.4-12.8 12.8v198.4c0 6.4 6.4 12.8 12.8 12.8zm96 0h22.4c6.4 0 12.8-6.4 12.8-12.8V204.8c0-6.4-6.4-12.8-12.8-12.8h-22.4c-6.4 0-12.8 6.4-12.8 12.8v134.4c0 6.4 6.4 12.8 12.8 12.8zM496 400H48V80c0-8.84-7.16-16-16-16H16C7.16 64 0 71.16 0 80v336c0 17.67 14.33 32 32 32h464c8.84 0 16-7.16 16-16v-16c0-8.84-7.16-16-16-16zm-387.2-48h22.4c6.4 0 12.8-6.4 12.8-12.8v-70.4c0-6.4-6.4-12.8-12.8-12.8h-22.4c-6.4 0-12.8 6.4-12.8 12.8v70.4c0 6.4 6.4 12.8 12.8 12.8z\" class=\"\"><\/path><\/svg><\/i> <img loading=\"lazy\" decoding=\"async\" width=\"16\" height=\"16\" alt=\"Loading\" src=\"https:\/\/www.aricayciencia.cl\/wp-content\/plugins\/page-views-count\/ajax-loader-2x.gif\" border=0 \/><\/p><div class=\"pvc_clear\"><\/div>\n<p><em>publicado en Ministerio del Medio Ambiente<\/em><\/p>\n\n\n\n<p><em>Los Consejos Consultivos son uno de los mecanismo m\u00e1s antiguos de participaci\u00f3n ciudadana existentes en nuestro pa\u00eds, nacieron con la&nbsp;<strong>ley 19.300<\/strong>&nbsp;sobre Bases Generales del Medio Ambiente en 1994, y tienen representaci\u00f3n tanto nacional, como en todas las regiones.<\/em><\/p>\n\n\n\n<p>A trav\u00e9s de una reuni\u00f3n virtual, encabezada por el Subsecretario del Medio Ambiente, Javier Naranjo, cerca de 70 integrantes de los consejos consultivos de todo el pa\u00eds, se reunieron para iniciar un trabajo conducente a generar un diagn\u00f3stico acerca del funcionamiento de estas organizaciones ciudadanas que forman parte de la institucionalidad ambiental del pa\u00eds.<\/p>\n\n\n\n<p>El Subsecretario Naranjo, junto con agradecer la participaci\u00f3n de sus integrantes, valor\u00f3 el compromiso y el trabajo que realizan los consejeros en cada una de las regiones, pues son un aporte fundamental en la construcci\u00f3n de instrumentos de gesti\u00f3n regional como Planes de Descontaminaci\u00f3n, creaci\u00f3n de normas ambientales, participaci\u00f3n en planes de protecci\u00f3n y conservaci\u00f3n de la biodiversidad y otras pol\u00edticas ambientales.<\/p>\n\n\n\n<p>Pese a que son unas de las instancias de participaci\u00f3n ciudadana m\u00e1s antiguas de nuestro pa\u00eds, pues nacieron con la Ley de Bases Generales del Medio Ambiente en 1994, a\u00fan subsisten algunos inconvenientes en el funcionamiento de estos \u00f3rganos, dificultades que se quieren subsanar con el trabajo participativo que se inici\u00f3 y que culminar\u00e1 en un encuentro nacional previsto para el 20 de abril pr\u00f3ximo.<\/p>\n\n\n\n<p>En el webinar los consejeros coincidieron en la oportunidad del trabajo y valoraron la iniciativa, manifestando su confianza en arribar a un buen puerto este 2021.<\/p>\n\n\n\n<p>Recordemos que los consejeros consultivos duran 2 a\u00f1os en el cargo y representan a diferentes actores que tienen presencia regional como organizaciones de trabajadores, representantes de universidades, organizaciones no gubernamentales, asociaciones empresariales, centros acad\u00e9micos y un representante del Intendente regional.<\/p>\n\n\n\n<p><\/p>\n","protected":false},"excerpt":{"rendered":"<div class=\"mh-excerpt\"><div class=\"pvc_clear\"><\/div>\n<p id=\"pvc_stats_102\" class=\"pvc_stats all  \" data-element-id=\"102\" style=\"\"><i class=\"pvc-stats-icon medium\" aria-hidden=\"true\"><svg aria-hidden=\"true\" focusable=\"false\" data-prefix=\"far\" data-icon=\"chart-bar\" role=\"img\" xmlns=\"http:\/\/www.w3.org\/2000\/svg\" viewBox=\"0 0 512 512\" class=\"svg-inline--fa fa-chart-bar fa-w-16 fa-2x\"><path fill=\"currentColor\" d=\"M396.8 352h22.4c6.4 0 12.8-6.4 12.8-12.8V108.8c0-6.4-6.4-12.8-12.8-12.8h-22.4c-6.4 0-12.8 6.4-12.8 12.8v230.4c0 6.4 6.4 12.8 12.8 12.8zm-192 0h22.4c6.4 0 12.8-6.4 12.8-12.8V140.8c0-6.4-6.4-12.8-12.8-12.8h-22.4c-6.4 0-12.8 6.4-12.8 12.8v198.4c0 6.4 6.4 12.8 12.8 12.8zm96 0h22.4c6.4 0 12.8-6.4 12.8-12.8V204.8c0-6.4-6.4-12.8-12.8-12.8h-22.4c-6.4 0-12.8 6.4-12.8 12.8v134.4c0 6.4 6.4 12.8 12.8 12.8zM496 400H48V80c0-8.84-7.16-16-16-16H16C7.16 64 0 71.16 0 80v336c0 17.67 14.33 32 32 32h464c8.84 0 16-7.16 16-16v-16c0-8.84-7.16-16-16-16zm-387.2-48h22.4c6.4 0 12.8-6.4 12.8-12.8v-70.4c0-6.4-6.4-12.8-12.8-12.8h-22.4c-6.4 0-12.8 6.4-12.8 12.8v70.4c0 6.4 6.4 12.8 12.8 12.8z\" class=\"\"><\/path><\/svg><\/i> <img loading=\"lazy\" decoding=\"async\" width=\"16\" height=\"16\" alt=\"Loading\" src=\"https:\/\/www.aricayciencia.cl\/wp-content\/plugins\/page-views-count\/ajax-loader-2x.gif\" border=0 \/><\/p>\n<div class=\"pvc_clear\"><\/div>\n<p>publicado en Ministerio del Medio Ambiente Los Consejos Consultivos son uno de los mecanismo m\u00e1s antiguos de participaci\u00f3n ciudadana existentes en nuestro pa\u00eds, nacieron con <a class=\"mh-excerpt-more\" href=\"https:\/\/www.aricayciencia.cl\/index.php\/2021\/01\/20\/consejeros-consultivos-del-ministerio-del-medio-ambiente-de-todo-chile-se-reunen-para-optimizar-su-aporte-en-la-gestion-ambiental-regional\/\" title=\"Consejeros consultivos del Ministerio del Medio Ambiente de todo Chile se re\u00fanen para optimizar su aporte en la gesti\u00f3n ambiental regional\">[&#8230;]<\/a><\/p>\n<\/div>","protected":false},"author":1,"featured_media":103,"comment_status":"open","ping_status":"open","sticky":false,"template":"","format":"standard","meta":{"footnotes":""},"categories":[1],"tags":[],"class_list":["post-102","post","type-post","status-publish","format-standard","has-post-thumbnail","hentry","category-sin-categoria"],"_links":{"self":[{"href":"https:\/\/www.aricayciencia.cl\/index.php\/wp-json\/wp\/v2\/posts\/102","targetHints":{"allow":["GET"]}}],"collection":[{"href":"https:\/\/www.aricayciencia.cl\/index.php\/wp-json\/wp\/v2\/posts"}],"about":[{"href":"https:\/\/www.aricayciencia.cl\/index.php\/wp-json\/wp\/v2\/types\/post"}],"author":[{"embeddable":true,"href":"https:\/\/www.aricayciencia.cl\/index.php\/wp-json\/wp\/v2\/users\/1"}],"replies":[{"embeddable":true,"href":"https:\/\/www.aricayciencia.cl\/index.php\/wp-json\/wp\/v2\/comments?post=102"}],"version-history":[{"count":1,"href":"https:\/\/www.aricayciencia.cl\/index.php\/wp-json\/wp\/v2\/posts\/102\/revisions"}],"predecessor-version":[{"id":104,"href":"https:\/\/www.aricayciencia.cl\/index.php\/wp-json\/wp\/v2\/posts\/102\/revisions\/104"}],"wp:featuredmedia":[{"embeddable":true,"href":"https:\/\/www.aricayciencia.cl\/index.php\/wp-json\/wp\/v2\/media\/103"}],"wp:attachment":[{"href":"https:\/\/www.aricayciencia.cl\/index.php\/wp-json\/wp\/v2\/media?parent=102"}],"wp:term":[{"taxonomy":"category","embeddable":true,"href":"https:\/\/www.aricayciencia.cl\/index.php\/wp-json\/wp\/v2\/categories?post=102"},{"taxonomy":"post_tag","embeddable":true,"href":"https:\/\/www.aricayciencia.cl\/index.php\/wp-json\/wp\/v2\/tags?post=102"}],"curies":[{"name":"wp","href":"https:\/\/api.w.org\/{rel}","templated":true}]}}